{"id":8574,"date":"2024-02-16T10:42:10","date_gmt":"2024-02-16T08:42:10","guid":{"rendered":"http:\/\/biztonsagosveszprem.hu\/?p=8574"},"modified":"2024-02-16T10:42:10","modified_gmt":"2024-02-16T08:42:10","slug":"lezart-akta-garazdasagga-fajult-a-veszekedes","status":"publish","type":"post","link":"http:\/\/biztonsagosveszprem.hu\/?p=8574","title":{"rendered":"LEZ\u00c1RT AKTA: GAR\u00c1ZDAS\u00c1GG\u00c1 FAJULT A VESZEKED\u00c9S"},"content":{"rendered":"<p><strong>Egy 25 \u00e9ves n\u0151 a puszta kez\u00e9vel t\u00f6rte be a bej\u00e1rati ajt\u00f3 \u00fcveg\u00e9t, hogy tov\u00e1bb folytassa a vit\u00e1t.<\/strong><\/p>\n<p><a href=\"http:\/\/biztonsagosveszprem.hu\/wp-content\/uploads\/2024\/02\/ajto1_4.jpg\"><img loading=\"lazy\" class=\"aligncenter size-full wp-image-8575\" src=\"http:\/\/biztonsagosveszprem.hu\/wp-content\/uploads\/2024\/02\/ajto1_4.jpg\" alt=\"\" width=\"751\" height=\"500\" srcset=\"http:\/\/biztonsagosveszprem.hu\/wp-content\/uploads\/2024\/02\/ajto1_4.jpg 751w, http:\/\/biztonsagosveszprem.hu\/wp-content\/uploads\/2024\/02\/ajto1_4-300x200.jpg 300w\" sizes=\"(max-width: 751px) 100vw, 751px\" \/><\/a><\/p>\n<p>Hangoskod\u00e1s, vereked\u00e9s \u00e9s a l\u00e9pcs\u0151h\u00e1z bej\u00e1rati ajtaj\u00e1nak bet\u00f6r\u00e9se miatt k\u00e9rt seg\u00edts\u00e9get a 112-es h\u00edv\u00f3sz\u00e1mon az egyik veszpr\u00e9mi t\u00e1rsash\u00e1z lak\u00f3ja 2023. november 2-\u00e1n reggel. A j\u00e1r\u0151r\u00f6k a f\u00f6ldszinten egy mag\u00e1b\u00f3l kikelt, k\u00e9t m\u00e1sik szem\u00e9llyel kiab\u00e1l\u00f3 n\u0151t tal\u00e1ltak, akinek a keze t\u00f6bb helyen v\u00e9rzett. A 25 \u00e9ves Szabolcs-Szatm\u00e1r-Bereg v\u00e1rmegyei n\u0151 vend\u00e9gs\u00e9gben t\u00f6lt\u00f6tte az \u00e9jszak\u00e1t ismer\u0151sein\u00e9l, de \u00f6sszesz\u00f3lalkoztak, \u00e9s a h\u00e1zigazda kitess\u00e9kelte \u0151t. Ebbe nem akart belenyugodni, \u00e9s a kez\u00e9vel bet\u00f6rve az ajt\u00f3\u00fcveget. Ezut\u00e1n visszat\u00e9rt a lak\u00e1shoz, tov\u00e1bb kiab\u00e1lt, szitkoz\u00f3dott, \u00e9s megt\u00e9pte ismer\u0151s\u00e9nek a haj\u00e1t.<\/p>\n<p>A j\u00e1r\u0151r\u00f6k el\u0151\u00e1ll\u00edtott\u00e1k az agressz\u00edvan viselked\u0151 n\u0151t, \u00e9s gar\u00e1zdas\u00e1g v\u00e9ts\u00e9g elk\u00f6vet\u00e9se miatt gyan\u00fas\u00edtottk\u00e9nt hallgatt\u00e1k ki a nyomoz\u00f3k.<\/p>\n<p>A Veszpr\u00e9mi Rend\u0151rkapit\u00e1nys\u00e1g a sz\u00fcks\u00e9ges elj\u00e1r\u00e1si cselekm\u00e9nyeket elv\u00e9gezte, \u00e9s az iratokat \u00e1tadta az \u00fcgy\u00e9szs\u00e9gnek.<\/p>\n","protected":false},"excerpt":{"rendered":"<p>Egy 25 \u00e9ves n\u0151 a puszta kez\u00e9vel t\u00f6rte be a bej\u00e1rati ajt\u00f3 \u00fcveg\u00e9t, hogy tov\u00e1bb folytassa a vit\u00e1t. Hangoskod\u00e1s, vereked\u00e9s \u00e9s a l\u00e9pcs\u0151h\u00e1z bej\u00e1rati ajtaj\u00e1nak bet\u00f6r\u00e9se miatt k\u00e9rt seg\u00edts\u00e9get a 112-es h\u00edv\u00f3sz\u00e1mon az egyik veszpr\u00e9mi t\u00e1rsash\u00e1z lak\u00f3ja 2023. november 2-\u00e1n &hellip; <a href=\"http:\/\/biztonsagosveszprem.hu\/?p=8574\">Egy kattint\u00e1s ide a folytat\u00e1shoz&#8230;. <span class=\"meta-nav\">&rarr;<\/span><\/a><\/p>\n","protected":false},"author":1,"featured_media":0,"comment_status":"closed","ping_status":"open","sticky":false,"template":"","format":"standard","meta":[],"categories":[4,3],"tags":[],"_links":{"self":[{"href":"http:\/\/biztonsagosveszprem.hu\/index.php?rest_route=\/wp\/v2\/posts\/8574"}],"collection":[{"href":"http:\/\/biztonsagosveszprem.hu\/index.php?rest_route=\/wp\/v2\/posts"}],"about":[{"href":"http:\/\/biztonsagosveszprem.hu\/index.php?rest_route=\/wp\/v2\/types\/post"}],"author":[{"embeddable":true,"href":"http:\/\/biztonsagosveszprem.hu\/index.php?rest_route=\/wp\/v2\/users\/1"}],"replies":[{"embeddable":true,"href":"http:\/\/biztonsagosveszprem.hu\/index.php?rest_route=%2Fwp%2Fv2%2Fcomments&post=8574"}],"version-history":[{"count":1,"href":"http:\/\/biztonsagosveszprem.hu\/index.php?rest_route=\/wp\/v2\/posts\/8574\/revisions"}],"predecessor-version":[{"id":8576,"href":"http:\/\/biztonsagosveszprem.hu\/index.php?rest_route=\/wp\/v2\/posts\/8574\/revisions\/8576"}],"wp:attachment":[{"href":"http:\/\/biztonsagosveszprem.hu\/index.php?rest_route=%2Fwp%2Fv2%2Fmedia&parent=8574"}],"wp:term":[{"taxonomy":"category","embeddable":true,"href":"http:\/\/biztonsagosveszprem.hu\/index.php?rest_route=%2Fwp%2Fv2%2Fcategories&post=8574"},{"taxonomy":"post_tag","embeddable":true,"href":"http:\/\/biztonsagosveszprem.hu\/index.php?rest_route=%2Fwp%2Fv2%2Ftags&post=8574"}],"curies":[{"name":"wp","href":"https:\/\/api.w.org\/{rel}","templated":true}]}}