{"id":8571,"date":"2024-02-14T09:45:55","date_gmt":"2024-02-14T07:45:55","guid":{"rendered":"http:\/\/biztonsagosveszprem.hu\/?p=8571"},"modified":"2024-02-14T09:45:55","modified_gmt":"2024-02-14T07:45:55","slug":"bodult-vezetestol-eltiltott-sofort-szurtek-ki-a-forgalombol","status":"publish","type":"post","link":"http:\/\/biztonsagosveszprem.hu\/?p=8571","title":{"rendered":"B\u00d3DULT, VEZET\u00c9ST\u0150L ELTILTOTT SOF\u0150RT SZ\u0170RTEK KI A FORGALOMB\u00d3L"},"content":{"rendered":"<p><strong>A veszpr\u00e9mi rend\u0151r\u00f6k \u0151rizetbe vettek egy 39 \u00e9ves f\u00e9rfit.<\/strong><\/p>\n<p><iframe title=\"B\u00f3dult, vezet\u00e9st\u0151l eltiltott sof\u0151rt sz\u0171rtek ki a forgalomb\u00f3l Veszpr\u00e9mben\" width=\"640\" height=\"360\" src=\"https:\/\/www.youtube.com\/embed\/pInockNHJAs?start=2&#038;feature=oembed\" frameborder=\"0\" allow=\"accelerometer; autoplay; clipboard-write; encrypted-media; gyroscope; picture-in-picture; web-share\" allowfullscreen><\/iframe><\/p>\n<p>A rend\u0151r\u00f6k 2024. febru\u00e1r 11-\u00e9n d\u00e9lut\u00e1n Veszpr\u00e9m hat\u00e1r\u00e1ban ellen\u0151rizni akartak egy aut\u00f3t. A sof\u0151r azonban a rend\u0151ri jelz\u00e9st figyelmen k\u00edv\u00fcl hagyva tov\u00e1bbhajtott, majd egy k\u00f6rforgalomb\u00f3l kifordulva az \u00fatpadk\u00e1nak \u00fctk\u00f6z\u00f6tt, \u00e9s defektes j\u00e1rm\u0171v\u00e9vel p\u00e1r m\u00e9ter ut\u00e1n meg\u00e1llt.<\/p>\n<p>Az int\u00e9zked\u00e9s sor\u00e1n a rend\u0151r\u00f6k meg\u00e1llap\u00edtott\u00e1k, hogy a 39 \u00e9ves balatonkenesei sof\u0151r eltilt\u00e1s hat\u00e1lya alatt \u00fclt a vol\u00e1n m\u00f6g\u00e9, valamint gyan\u00fa mer\u00fclt fel arra vonatkoz\u00f3an is, hogy a kocsiban utask\u00e9nt helyet foglal\u00f3 15 \u00e9ves fi\u00fa k\u00e1b\u00edt\u00f3szert fogyasztott. A ruh\u00e1zat\u00e1tvizsg\u00e1l\u00e1s sor\u00e1n a f\u00e9rfi zseb\u00e9b\u0151l egy cannabismot\u00edvummal d\u00edsz\u00edtett \u0151rl\u0151 ker\u00fclt el\u0151. Az egyenruh\u00e1sok ezut\u00e1n mindkett\u0151j\u00fcket el\u0151\u00e1ll\u00edtott\u00e1k mintav\u00e9telre, \u00e9s a vel\u00fck szemben alkalmazott gyorsteszt pozit\u00edv \u00e9rt\u00e9ket mutatott.<\/p>\n<p>A 15 \u00e9ves fiatal ellen k\u00e1b\u00edt\u00f3szer birtokl\u00e1sa v\u00e9ts\u00e9g miatt tettek b\u00fcntet\u0151feljelent\u00e9st, az aut\u00f3t vezet\u0151 39 \u00e9ves f\u00e9rfit pedig \u0151rizetbe vett\u00e9k, \u00e9s vele szemben j\u00e1rm\u0171vezet\u00e9s az eltilt\u00e1s hat\u00e1lya alatt b\u0171ntett, j\u00e1rm\u0171vezet\u00e9s b\u00f3dult \u00e1llapotban v\u00e9ts\u00e9g, valamint k\u00e1b\u00edt\u00f3szer birtokl\u00e1sa v\u00e9ts\u00e9g miatt indult elj\u00e1r\u00e1s a Veszpr\u00e9mi Rend\u0151rkapit\u00e1nys\u00e1gon.<\/p>\n","protected":false},"excerpt":{"rendered":"<p>A veszpr\u00e9mi rend\u0151r\u00f6k \u0151rizetbe vettek egy 39 \u00e9ves f\u00e9rfit. A rend\u0151r\u00f6k 2024. febru\u00e1r 11-\u00e9n d\u00e9lut\u00e1n Veszpr\u00e9m hat\u00e1r\u00e1ban ellen\u0151rizni akartak egy aut\u00f3t. A sof\u0151r azonban a rend\u0151ri jelz\u00e9st figyelmen k\u00edv\u00fcl hagyva tov\u00e1bbhajtott, majd egy k\u00f6rforgalomb\u00f3l kifordulva az \u00fatpadk\u00e1nak \u00fctk\u00f6z\u00f6tt, \u00e9s defektes &hellip; <a href=\"http:\/\/biztonsagosveszprem.hu\/?p=8571\">Egy kattint\u00e1s ide a folytat\u00e1shoz&#8230;. <span class=\"meta-nav\">&rarr;<\/span><\/a><\/p>\n","protected":false},"author":1,"featured_media":0,"comment_status":"closed","ping_status":"open","sticky":false,"template":"","format":"standard","meta":[],"categories":[4,3],"tags":[],"_links":{"self":[{"href":"http:\/\/biztonsagosveszprem.hu\/index.php?rest_route=\/wp\/v2\/posts\/8571"}],"collection":[{"href":"http:\/\/biztonsagosveszprem.hu\/index.php?rest_route=\/wp\/v2\/posts"}],"about":[{"href":"http:\/\/biztonsagosveszprem.hu\/index.php?rest_route=\/wp\/v2\/types\/post"}],"author":[{"embeddable":true,"href":"http:\/\/biztonsagosveszprem.hu\/index.php?rest_route=\/wp\/v2\/users\/1"}],"replies":[{"embeddable":true,"href":"http:\/\/biztonsagosveszprem.hu\/index.php?rest_route=%2Fwp%2Fv2%2Fcomments&post=8571"}],"version-history":[{"count":1,"href":"http:\/\/biztonsagosveszprem.hu\/index.php?rest_route=\/wp\/v2\/posts\/8571\/revisions"}],"predecessor-version":[{"id":8572,"href":"http:\/\/biztonsagosveszprem.hu\/index.php?rest_route=\/wp\/v2\/posts\/8571\/revisions\/8572"}],"wp:attachment":[{"href":"http:\/\/biztonsagosveszprem.hu\/index.php?rest_route=%2Fwp%2Fv2%2Fmedia&parent=8571"}],"wp:term":[{"taxonomy":"category","embeddable":true,"href":"http:\/\/biztonsagosveszprem.hu\/index.php?rest_route=%2Fwp%2Fv2%2Fcategories&post=8571"},{"taxonomy":"post_tag","embeddable":true,"href":"http:\/\/biztonsagosveszprem.hu\/index.php?rest_route=%2Fwp%2Fv2%2Ftags&post=8571"}],"curies":[{"name":"wp","href":"https:\/\/api.w.org\/{rel}","templated":true}]}}