{"id":8561,"date":"2024-02-11T18:07:47","date_gmt":"2024-02-11T16:07:47","guid":{"rendered":"http:\/\/biztonsagosveszprem.hu\/?p=8561"},"modified":"2024-02-11T18:07:47","modified_gmt":"2024-02-11T16:07:47","slug":"eheztette-kutyait-a-bakonyban-elo-par","status":"publish","type":"post","link":"http:\/\/biztonsagosveszprem.hu\/?p=8561","title":{"rendered":"\u00c9heztette kuty\u00e1it a Bakonyban \u00e9l\u0151 p\u00e1r"},"content":{"rendered":"<p>Mint ahogy arr\u00f3l m\u00e1r kor\u00e1bban besz\u00e1moltunk, egy bakonyi kistelep\u00fcl\u00e9sr\u0151l \u00e9rkezett bejelent\u00e9s a rend\u0151rs\u00e9gre 2024. janu\u00e1r 18-\u00e1n d\u00e9lut\u00e1n arr\u00f3l, hogy egy p\u00e1r folyamatosan l\u00e1ncon tartja a kuty\u00e1it, \u00e9s nem adnak nekik elegend\u0151 \u00e9lelmet \u00e9s vizet. A rend\u0151r\u00f6k a csal\u00e1di h\u00e1z udvar\u00e1n megtal\u00e1lt\u00e1k a k\u00e9t k\u00f3rosan sov\u00e1ny ebet, az egyiknek a test\u00e9t pedig ell\u00e1tatlan sebek is bor\u00edtott\u00e1k. Az \u00e1llatokat az <a href=\"https:\/\/www.facebook.com\/oltalomallatvedoegyesulet?__cft__%5b0%5d=AZWcgy0N8nsxQI-3uWcM6D93kYiUgov4q2EMjGkkdWbiHi2CdmJak7I-zQmouNESPOOQg73ygN-VFK-ewvXkaeFm4ObJi1PfyWEoNT8eLsD7TVj4hZtsavUlxh41r9K0GTLjdG6DdZ7Ml7MhLx1igPekRSvb9wsbNwh3mxoi8rinUPB4sTZHNG8oc91INjQeB-g&amp;__tn__=-%5dK-R\">Olt-Alom \u00c1llatv\u00e9d\u0151 Egyes\u00fclet<\/a> munkat\u00e1rsai sz\u00e1ll\u00edtott\u00e1k el.<br \/>\nA tulajdonosokat a rend\u0151r\u00f6k m\u00e9g aznap elfogt\u00e1k, majd el\u0151\u00e1ll\u00edtott\u00e1k a Veszpr\u00e9mi Rend\u0151rkapit\u00e1nys\u00e1gra, ahol a nyomoz\u00f3k gyan\u00fas\u00edtottk\u00e9nt hallgatt\u00e1k ki \u0151ket. A 38 \u00e9ves f\u00e9rfi \u00e9s 37 \u00e9ves \u00e9lett\u00e1rsa ellen \u00e1llatk\u00ednz\u00e1s v\u00e9ts\u00e9g megalapozott gyan\u00faja miatt folyt elj\u00e1r\u00e1s.<br \/>\nA Veszpr\u00e9mi Rend\u0151rkapit\u00e1nys\u00e1g elv\u00e9gezte a nyomoz\u00e1s vizsg\u00e1lat\u00e1t, \u00e9s az iratokat \u00e1tadta az \u00fcgy\u00e9szs\u00e9gnek.<\/p>\n<p><a href=\"https:\/\/www.facebook.com\/share\/v\/3Q6cNpv4UkT9K966\/\">https:\/\/www.facebook.com\/share\/v\/3Q6cNpv4UkT9K966\/<\/a><\/p>\n","protected":false},"excerpt":{"rendered":"<p>Mint ahogy arr\u00f3l m\u00e1r kor\u00e1bban besz\u00e1moltunk, egy bakonyi kistelep\u00fcl\u00e9sr\u0151l \u00e9rkezett bejelent\u00e9s a rend\u0151rs\u00e9gre 2024. janu\u00e1r 18-\u00e1n d\u00e9lut\u00e1n arr\u00f3l, hogy egy p\u00e1r folyamatosan l\u00e1ncon tartja a kuty\u00e1it, \u00e9s nem adnak nekik elegend\u0151 \u00e9lelmet \u00e9s vizet. A rend\u0151r\u00f6k a csal\u00e1di h\u00e1z udvar\u00e1n &hellip; <a href=\"http:\/\/biztonsagosveszprem.hu\/?p=8561\">Egy kattint\u00e1s ide a folytat\u00e1shoz&#8230;. <span class=\"meta-nav\">&rarr;<\/span><\/a><\/p>\n","protected":false},"author":1,"featured_media":0,"comment_status":"closed","ping_status":"open","sticky":false,"template":"","format":"standard","meta":[],"categories":[4,3],"tags":[],"_links":{"self":[{"href":"http:\/\/biztonsagosveszprem.hu\/index.php?rest_route=\/wp\/v2\/posts\/8561"}],"collection":[{"href":"http:\/\/biztonsagosveszprem.hu\/index.php?rest_route=\/wp\/v2\/posts"}],"about":[{"href":"http:\/\/biztonsagosveszprem.hu\/index.php?rest_route=\/wp\/v2\/types\/post"}],"author":[{"embeddable":true,"href":"http:\/\/biztonsagosveszprem.hu\/index.php?rest_route=\/wp\/v2\/users\/1"}],"replies":[{"embeddable":true,"href":"http:\/\/biztonsagosveszprem.hu\/index.php?rest_route=%2Fwp%2Fv2%2Fcomments&post=8561"}],"version-history":[{"count":1,"href":"http:\/\/biztonsagosveszprem.hu\/index.php?rest_route=\/wp\/v2\/posts\/8561\/revisions"}],"predecessor-version":[{"id":8562,"href":"http:\/\/biztonsagosveszprem.hu\/index.php?rest_route=\/wp\/v2\/posts\/8561\/revisions\/8562"}],"wp:attachment":[{"href":"http:\/\/biztonsagosveszprem.hu\/index.php?rest_route=%2Fwp%2Fv2%2Fmedia&parent=8561"}],"wp:term":[{"taxonomy":"category","embeddable":true,"href":"http:\/\/biztonsagosveszprem.hu\/index.php?rest_route=%2Fwp%2Fv2%2Fcategories&post=8561"},{"taxonomy":"post_tag","embeddable":true,"href":"http:\/\/biztonsagosveszprem.hu\/index.php?rest_route=%2Fwp%2Fv2%2Ftags&post=8561"}],"curies":[{"name":"wp","href":"https:\/\/api.w.org\/{rel}","templated":true}]}}