{"id":8559,"date":"2024-02-11T17:53:58","date_gmt":"2024-02-11T15:53:58","guid":{"rendered":"http:\/\/biztonsagosveszprem.hu\/?p=8559"},"modified":"2024-02-11T17:53:58","modified_gmt":"2024-02-11T15:53:58","slug":"kabitoszer-fogyasztok-rendorkezen","status":"publish","type":"post","link":"http:\/\/biztonsagosveszprem.hu\/?p=8559","title":{"rendered":"K\u00e1b\u00edt\u00f3szer-fogyaszt\u00f3k rend\u0151rk\u00e9zen"},"content":{"rendered":"<p><strong>A rend\u0151r\u00f6k a forgalomb\u00f3l sz\u0171rt\u00e9k ki Veszpr\u00e9m belter\u00fclet\u00e9n az aut\u00f3val k\u00f6zleked\u0151 h\u00e1rom f\u00e9rfit.<\/strong><\/p>\n<p>Marihu\u00e1naf\u00fcstre eml\u00e9keztet\u0151 er\u0151s szag \u00e9rz\u0151d\u00f6tt egy ellen\u0151rz\u00e9sre meg\u00e1ll\u00edtott g\u00e9pkocsib\u00f3l 2024. febru\u00e1r 4-\u00e9n \u00e9jszaka. A rend\u0151r\u00f6k igazoltatt\u00e1k a j\u00e1rm\u0171ben tart\u00f3zkod\u00f3 h\u00e1rom f\u00e9rfit, \u00e9s \u00e1tvizsg\u00e1lt\u00e1k a kocsit. A 24 \u00e9ves v\u00e1rpalotai sof\u0151r ruh\u00e1zat\u00e1b\u00f3l, egy sim\u00edt\u00f3z\u00e1ras tasakb\u00f3l z\u00f6ld, droggyan\u00fas n\u00f6v\u00e9nyi anyagmaradv\u00e1ny, valamint egy sodort cigaretta ker\u00fclt el\u0151. Mivel a f\u00e9rfi t\u00e1rsain\u00e1l is felmer\u00fclt a k\u00e1b\u00edt\u00f3szer-fogyaszt\u00e1s gyan\u00faja, ez\u00e9rt vele egy\u00fctt a 23 \u00e9ves v\u00e1rpalotai \u00e9s 35 \u00e9ves, \u0150siben \u00e9l\u0151 bar\u00e1tj\u00e1t is el\u0151\u00e1ll\u00edtott\u00e1k mintav\u00e9telre. A gyorsteszt mindegyik\u0151j\u00fckn\u00e9l pozit\u00edv \u00e9rt\u00e9ket mutatott, \u00edgy a nyomoz\u00f3k gyan\u00fas\u00edtottk\u00e9nt hallgatt\u00e1k ki \u0151ket.<\/p>\n<p>A h\u00e1rom f\u00e9rfival szemben k\u00e1b\u00edt\u00f3szer birtokl\u00e1sa v\u00e9ts\u00e9g megalapozott gyan\u00faja miatt indult b\u00fcntet\u0151elj\u00e1r\u00e1s.<\/p>\n","protected":false},"excerpt":{"rendered":"<p>A rend\u0151r\u00f6k a forgalomb\u00f3l sz\u0171rt\u00e9k ki Veszpr\u00e9m belter\u00fclet\u00e9n az aut\u00f3val k\u00f6zleked\u0151 h\u00e1rom f\u00e9rfit. Marihu\u00e1naf\u00fcstre eml\u00e9keztet\u0151 er\u0151s szag \u00e9rz\u0151d\u00f6tt egy ellen\u0151rz\u00e9sre meg\u00e1ll\u00edtott g\u00e9pkocsib\u00f3l 2024. febru\u00e1r 4-\u00e9n \u00e9jszaka. A rend\u0151r\u00f6k igazoltatt\u00e1k a j\u00e1rm\u0171ben tart\u00f3zkod\u00f3 h\u00e1rom f\u00e9rfit, \u00e9s \u00e1tvizsg\u00e1lt\u00e1k a kocsit. A 24 &hellip; <a href=\"http:\/\/biztonsagosveszprem.hu\/?p=8559\">Egy kattint\u00e1s ide a folytat\u00e1shoz&#8230;. <span class=\"meta-nav\">&rarr;<\/span><\/a><\/p>\n","protected":false},"author":1,"featured_media":0,"comment_status":"closed","ping_status":"open","sticky":false,"template":"","format":"standard","meta":[],"categories":[4,3],"tags":[],"_links":{"self":[{"href":"http:\/\/biztonsagosveszprem.hu\/index.php?rest_route=\/wp\/v2\/posts\/8559"}],"collection":[{"href":"http:\/\/biztonsagosveszprem.hu\/index.php?rest_route=\/wp\/v2\/posts"}],"about":[{"href":"http:\/\/biztonsagosveszprem.hu\/index.php?rest_route=\/wp\/v2\/types\/post"}],"author":[{"embeddable":true,"href":"http:\/\/biztonsagosveszprem.hu\/index.php?rest_route=\/wp\/v2\/users\/1"}],"replies":[{"embeddable":true,"href":"http:\/\/biztonsagosveszprem.hu\/index.php?rest_route=%2Fwp%2Fv2%2Fcomments&post=8559"}],"version-history":[{"count":1,"href":"http:\/\/biztonsagosveszprem.hu\/index.php?rest_route=\/wp\/v2\/posts\/8559\/revisions"}],"predecessor-version":[{"id":8560,"href":"http:\/\/biztonsagosveszprem.hu\/index.php?rest_route=\/wp\/v2\/posts\/8559\/revisions\/8560"}],"wp:attachment":[{"href":"http:\/\/biztonsagosveszprem.hu\/index.php?rest_route=%2Fwp%2Fv2%2Fmedia&parent=8559"}],"wp:term":[{"taxonomy":"category","embeddable":true,"href":"http:\/\/biztonsagosveszprem.hu\/index.php?rest_route=%2Fwp%2Fv2%2Fcategories&post=8559"},{"taxonomy":"post_tag","embeddable":true,"href":"http:\/\/biztonsagosveszprem.hu\/index.php?rest_route=%2Fwp%2Fv2%2Ftags&post=8559"}],"curies":[{"name":"wp","href":"https:\/\/api.w.org\/{rel}","templated":true}]}}