{"id":8488,"date":"2024-01-03T17:52:05","date_gmt":"2024-01-03T15:52:05","guid":{"rendered":"http:\/\/biztonsagosveszprem.hu\/?p=8488"},"modified":"2024-01-03T17:52:05","modified_gmt":"2024-01-03T15:52:05","slug":"a-zarora-miatt-bantalmazta-a-tobbi-vendeget","status":"publish","type":"post","link":"http:\/\/biztonsagosveszprem.hu\/?p=8488","title":{"rendered":"A Z\u00c1R\u00d3RA MIATT B\u00c1NTALMAZTA A T\u00d6BBI VEND\u00c9GET"},"content":{"rendered":"<p><strong>A Veszpr\u00e9mi Rend\u0151rkapit\u00e1nys\u00e1g munkat\u00e1rsai f\u00e9l \u00f3r\u00e1n bel\u00fcl elfogt\u00e1k a 27 \u00e9ves f\u00e9rfit.<\/strong><\/p>\n<p><a href=\"http:\/\/biztonsagosveszprem.hu\/wp-content\/uploads\/2024\/01\/logo2_60.jpg\"><img loading=\"lazy\" class=\"aligncenter size-full wp-image-8489\" src=\"http:\/\/biztonsagosveszprem.hu\/wp-content\/uploads\/2024\/01\/logo2_60.jpg\" alt=\"\" width=\"751\" height=\"500\" srcset=\"http:\/\/biztonsagosveszprem.hu\/wp-content\/uploads\/2024\/01\/logo2_60.jpg 751w, http:\/\/biztonsagosveszprem.hu\/wp-content\/uploads\/2024\/01\/logo2_60-300x200.jpg 300w\" sizes=\"(max-width: 751px) 100vw, 751px\" \/><\/a><\/p>\n<p>Egy Veszpr\u00e9mben k\u00f6teked\u0151 \u00e9s vereked\u0151 f\u00e9rfir\u00f3l \u00e9rkezett bejelent\u00e9s a rend\u0151rs\u00e9gre 2023. december 31-\u00e9n hajnalban. A bejelent\u0151 elmondta, hogy egy sz\u00f3rakoz\u00f3hely el\u0151tt besz\u00e9lgettek h\u00e1rman, amikor a z\u00e1r\u00f3ra miatt kitess\u00e9kelt f\u00e9rfi bel\u00e9j\u00fck k\u00f6t\u00f6tt, \u00e9s mindegyik\u0151j\u00fcket b\u00e1ntalmazta.<\/p>\n<p>A j\u00e1r\u0151r\u00f6k f\u00e9l \u00f3r\u00e1n bel\u00fcl elfogt\u00e1k a 27 \u00e9ves kiskunf\u00e9legyh\u00e1zi lakost, majd el\u0151\u00e1ll\u00edtott\u00e1k, \u00e9s a nyomoz\u00f3k \u2013 \u0151rizetbe v\u00e9tele mellett \u2013 gyan\u00fas\u00edtottk\u00e9nt hallgatt\u00e1k ki. Az elk\u00f6vet\u0151 ellen gar\u00e1zdas\u00e1g v\u00e9ts\u00e9g megalapozott gyan\u00faja miatt indult elj\u00e1r\u00e1s.<\/p>\n","protected":false},"excerpt":{"rendered":"<p>A Veszpr\u00e9mi Rend\u0151rkapit\u00e1nys\u00e1g munkat\u00e1rsai f\u00e9l \u00f3r\u00e1n bel\u00fcl elfogt\u00e1k a 27 \u00e9ves f\u00e9rfit. Egy Veszpr\u00e9mben k\u00f6teked\u0151 \u00e9s vereked\u0151 f\u00e9rfir\u00f3l \u00e9rkezett bejelent\u00e9s a rend\u0151rs\u00e9gre 2023. december 31-\u00e9n hajnalban. A bejelent\u0151 elmondta, hogy egy sz\u00f3rakoz\u00f3hely el\u0151tt besz\u00e9lgettek h\u00e1rman, amikor a z\u00e1r\u00f3ra miatt kitess\u00e9kelt &hellip; <a href=\"http:\/\/biztonsagosveszprem.hu\/?p=8488\">Egy kattint\u00e1s ide a folytat\u00e1shoz&#8230;. <span class=\"meta-nav\">&rarr;<\/span><\/a><\/p>\n","protected":false},"author":1,"featured_media":0,"comment_status":"closed","ping_status":"open","sticky":false,"template":"","format":"standard","meta":[],"categories":[4,3],"tags":[],"_links":{"self":[{"href":"http:\/\/biztonsagosveszprem.hu\/index.php?rest_route=\/wp\/v2\/posts\/8488"}],"collection":[{"href":"http:\/\/biztonsagosveszprem.hu\/index.php?rest_route=\/wp\/v2\/posts"}],"about":[{"href":"http:\/\/biztonsagosveszprem.hu\/index.php?rest_route=\/wp\/v2\/types\/post"}],"author":[{"embeddable":true,"href":"http:\/\/biztonsagosveszprem.hu\/index.php?rest_route=\/wp\/v2\/users\/1"}],"replies":[{"embeddable":true,"href":"http:\/\/biztonsagosveszprem.hu\/index.php?rest_route=%2Fwp%2Fv2%2Fcomments&post=8488"}],"version-history":[{"count":1,"href":"http:\/\/biztonsagosveszprem.hu\/index.php?rest_route=\/wp\/v2\/posts\/8488\/revisions"}],"predecessor-version":[{"id":8490,"href":"http:\/\/biztonsagosveszprem.hu\/index.php?rest_route=\/wp\/v2\/posts\/8488\/revisions\/8490"}],"wp:attachment":[{"href":"http:\/\/biztonsagosveszprem.hu\/index.php?rest_route=%2Fwp%2Fv2%2Fmedia&parent=8488"}],"wp:term":[{"taxonomy":"category","embeddable":true,"href":"http:\/\/biztonsagosveszprem.hu\/index.php?rest_route=%2Fwp%2Fv2%2Fcategories&post=8488"},{"taxonomy":"post_tag","embeddable":true,"href":"http:\/\/biztonsagosveszprem.hu\/index.php?rest_route=%2Fwp%2Fv2%2Ftags&post=8488"}],"curies":[{"name":"wp","href":"https:\/\/api.w.org\/{rel}","templated":true}]}}