{"id":8481,"date":"2023-12-18T13:04:17","date_gmt":"2023-12-18T11:04:17","guid":{"rendered":"http:\/\/biztonsagosveszprem.hu\/?p=8481"},"modified":"2023-12-18T13:04:17","modified_gmt":"2023-12-18T11:04:17","slug":"nem-zavarta-az-ittassaga-a-rendori-intezkedes-utan-ismet-volan-moge-ult","status":"publish","type":"post","link":"http:\/\/biztonsagosveszprem.hu\/?p=8481","title":{"rendered":"NEM ZAVARTA AZ ITTASS\u00c1GA, A REND\u0150RI INT\u00c9ZKED\u00c9S UT\u00c1N ISM\u00c9T VOL\u00c1N M\u00d6G\u00c9 \u00dcLT"},"content":{"rendered":"<p><strong>A veszpr\u00e9mi egyenruh\u00e1sok alig t\u00f6bb mint k\u00e9t \u00f3ra eltelt\u00e9vel k\u00e9tszer \u00e9rt\u00e9k tetten a 36 \u00e9ves \u00f6sk\u00fci f\u00e9rfit.<\/strong><\/p>\n<p><a href=\"http:\/\/biztonsagosveszprem.hu\/wp-content\/uploads\/2023\/12\/04_332_11.jpg\"><img loading=\"lazy\" class=\"aligncenter size-full wp-image-8482\" src=\"http:\/\/biztonsagosveszprem.hu\/wp-content\/uploads\/2023\/12\/04_332_11.jpg\" alt=\"\" width=\"751\" height=\"500\" srcset=\"http:\/\/biztonsagosveszprem.hu\/wp-content\/uploads\/2023\/12\/04_332_11.jpg 751w, http:\/\/biztonsagosveszprem.hu\/wp-content\/uploads\/2023\/12\/04_332_11-300x200.jpg 300w\" sizes=\"(max-width: 751px) 100vw, 751px\" \/><\/a><\/p>\n<p>A rend\u0151r\u00f6k 2023. december 14-\u00e9n este az egyik veszpr\u00e9mi parkol\u00f3ban ellen\u0151rz\u00e9sre meg\u00e1ll\u00edtottak egy aut\u00f3st. Felmer\u00fclt a sof\u0151r ittass\u00e1g\u00e1nak gyan\u00faja, melyet az alkoholszond\u00e1s vizsg\u00e1lat al\u00e1t\u00e1masztott. Az egyenruh\u00e1sok a 39 \u00e9ves \u00f6sk\u00fci lakost ezut\u00e1n tov\u00e1bbi mintav\u00e9telre el\u0151\u00e1ll\u00edtott\u00e1k, \u00e9s a vezet\u0151i enged\u00e9ly\u00e9t elvett\u00e9k. Ittas j\u00e1rm\u0171vezet\u00e9s gyan\u00faja miatt b\u00fcntet\u0151feljelent\u00e9st tettek, majd a sz\u00fcks\u00e9ges int\u00e9zked\u00e9seket k\u00f6vet\u0151en szabadon bocs\u00e1tott\u00e1k.<\/p>\n<p>A rend\u0151r\u00f6k nem sokkal k\u00e9s\u0151bb a belv\u00e1rosban felfigyeltek a m\u00e1r ismert g\u00e9pkocsira, melynek vezet\u0151je ez\u00fattal is a kor\u00e1bban int\u00e9zked\u00e9s al\u00e1 vont f\u00e9rfi volt. A szonda eredm\u00e9nye alapj\u00e1n a sof\u0151rt m\u00e1sodszor is el\u0151\u00e1ll\u00edtott\u00e1k mintav\u00e9telre. Mivel vezet\u0151i enged\u00e9ly\u00e9t m\u00e1r kor\u00e1bban elvett\u00e9k a f\u00e9rfit\u00f3l, ez\u00e9rt az ittas j\u00e1rm\u0171vezet\u00e9s mellett szab\u00e1lys\u00e9rt\u00e9si elj\u00e1r\u00e1st is ind\u00edtottak vele szemben enged\u00e9ly n\u00e9lk\u00fcli vezet\u00e9s miatt.<\/p>\n","protected":false},"excerpt":{"rendered":"<p>A veszpr\u00e9mi egyenruh\u00e1sok alig t\u00f6bb mint k\u00e9t \u00f3ra eltelt\u00e9vel k\u00e9tszer \u00e9rt\u00e9k tetten a 36 \u00e9ves \u00f6sk\u00fci f\u00e9rfit. A rend\u0151r\u00f6k 2023. december 14-\u00e9n este az egyik veszpr\u00e9mi parkol\u00f3ban ellen\u0151rz\u00e9sre meg\u00e1ll\u00edtottak egy aut\u00f3st. Felmer\u00fclt a sof\u0151r ittass\u00e1g\u00e1nak gyan\u00faja, melyet az alkoholszond\u00e1s vizsg\u00e1lat &hellip; <a href=\"http:\/\/biztonsagosveszprem.hu\/?p=8481\">Egy kattint\u00e1s ide a folytat\u00e1shoz&#8230;. <span class=\"meta-nav\">&rarr;<\/span><\/a><\/p>\n","protected":false},"author":1,"featured_media":0,"comment_status":"closed","ping_status":"open","sticky":false,"template":"","format":"standard","meta":[],"categories":[4,3],"tags":[],"_links":{"self":[{"href":"http:\/\/biztonsagosveszprem.hu\/index.php?rest_route=\/wp\/v2\/posts\/8481"}],"collection":[{"href":"http:\/\/biztonsagosveszprem.hu\/index.php?rest_route=\/wp\/v2\/posts"}],"about":[{"href":"http:\/\/biztonsagosveszprem.hu\/index.php?rest_route=\/wp\/v2\/types\/post"}],"author":[{"embeddable":true,"href":"http:\/\/biztonsagosveszprem.hu\/index.php?rest_route=\/wp\/v2\/users\/1"}],"replies":[{"embeddable":true,"href":"http:\/\/biztonsagosveszprem.hu\/index.php?rest_route=%2Fwp%2Fv2%2Fcomments&post=8481"}],"version-history":[{"count":1,"href":"http:\/\/biztonsagosveszprem.hu\/index.php?rest_route=\/wp\/v2\/posts\/8481\/revisions"}],"predecessor-version":[{"id":8483,"href":"http:\/\/biztonsagosveszprem.hu\/index.php?rest_route=\/wp\/v2\/posts\/8481\/revisions\/8483"}],"wp:attachment":[{"href":"http:\/\/biztonsagosveszprem.hu\/index.php?rest_route=%2Fwp%2Fv2%2Fmedia&parent=8481"}],"wp:term":[{"taxonomy":"category","embeddable":true,"href":"http:\/\/biztonsagosveszprem.hu\/index.php?rest_route=%2Fwp%2Fv2%2Fcategories&post=8481"},{"taxonomy":"post_tag","embeddable":true,"href":"http:\/\/biztonsagosveszprem.hu\/index.php?rest_route=%2Fwp%2Fv2%2Ftags&post=8481"}],"curies":[{"name":"wp","href":"https:\/\/api.w.org\/{rel}","templated":true}]}}