{"id":8479,"date":"2023-12-18T12:26:02","date_gmt":"2023-12-18T10:26:02","guid":{"rendered":"http:\/\/biztonsagosveszprem.hu\/?p=8479"},"modified":"2023-12-18T12:26:02","modified_gmt":"2023-12-18T10:26:02","slug":"bilincsben-a-veszpremi-kabitoszer-kereskedo","status":"publish","type":"post","link":"http:\/\/biztonsagosveszprem.hu\/?p=8479","title":{"rendered":"BILINCSBEN A VESZPR\u00c9MI K\u00c1B\u00cdT\u00d3SZER-KERESKED\u0150"},"content":{"rendered":"<p><strong>A Veszpr\u00e9m V\u00e1rmegyei Rend\u0151r-f\u0151kapit\u00e1nys\u00e1g munkat\u00e1rsai \u00f6sszehangolt akci\u00f3 keret\u00e9ben csaptak le egy illeg\u00e1lis szereket \u00e1rus\u00edt\u00f3 36 \u00e9ves f\u00e9rfira.<\/strong><\/p>\n<p><iframe title=\"Bilincsben a veszpr\u00e9mi k\u00e1b\u00edt\u00f3szer-keresked\u0151\" width=\"640\" height=\"360\" src=\"https:\/\/www.youtube.com\/embed\/dAeKENSNf84?feature=oembed\" frameborder=\"0\" allow=\"accelerometer; autoplay; clipboard-write; encrypted-media; gyroscope; picture-in-picture; web-share\" allowfullscreen><\/iframe><\/p>\n<p>A Veszpr\u00e9m V\u00e1rmegyei Rend\u0151r-f\u0151kapit\u00e1nys\u00e1g k\u00e1b\u00edt\u00f3szer-kereskedelem b\u0171ntett gyan\u00faja miatt ind\u00edtott elj\u00e1r\u00e1st egy 36 \u00e9ves veszpr\u00e9mi lakossal szemben. Inform\u00e1ci\u00f3 mer\u00fclt fel ugyanis arra, hogy az elk\u00f6vet\u0151 huzamos ideje\u00a0anyagi haszonszerz\u00e9s c\u00e9lj\u00e1b\u00f3l rendszeresen drogot \u00e1rul a lak\u00e1s\u00e1n ismer\u0151seinek.<\/p>\n<p>A Veszpr\u00e9m V\u00e1rmegyei Rend\u0151r-f\u0151kapit\u00e1nys\u00e1g B\u0171n\u00fcgyi Igazgat\u00f3s\u00e1g\u00e1nak \u00e9s a M\u00e9lys\u00e9gi Ellen\u0151rz\u00e9si \u00e9s K\u00f6zter\u00fcleti T\u00e1mogat\u00f3 Aloszt\u00e1ly\u00e1nak munkat\u00e1rsai \u00f6sszehangolt akci\u00f3 keret\u00e9ben december 12-\u00e9n d\u00e9lel\u0151tt lak\u00f3helye k\u00f6zel\u00e9ben fogt\u00e1k el a f\u00e9rfit.<\/p>\n<p>A rend\u0151r\u00f6k a tettes lak\u00e1s\u00e1n tartott kutat\u00e1s sor\u00e1n 7 kilogrammot meghalad\u00f3 k\u00e1b\u00edt\u00f3szergyan\u00fas n\u00f6v\u00e9nyi sz\u00e1rmaz\u00e9kot, illetve por \u00e1llag\u00fa anyagot, valamint mintegy 1000 darab tablett\u00e1t \u00e9s k\u00f6zel 10 milli\u00f3 forintnyi p\u00e9nzt foglaltak le.<\/p>\n<p>Az elk\u00f6vet\u0151t el\u0151\u00e1ll\u00edtott\u00e1k a rend\u0151rs\u00e9gre, ahol\u00a0a nyomoz\u00f3k \u0151rizetbe v\u00e9tele mellett gyan\u00fas\u00edtottk\u00e9nt hallgatt\u00e1k ki, \u00e9s az \u00fcgy\u00e9szs\u00e9gen kezdem\u00e9nyezt\u00e9k letart\u00f3ztat\u00e1s\u00e1t.<\/p>\n","protected":false},"excerpt":{"rendered":"<p>A Veszpr\u00e9m V\u00e1rmegyei Rend\u0151r-f\u0151kapit\u00e1nys\u00e1g munkat\u00e1rsai \u00f6sszehangolt akci\u00f3 keret\u00e9ben csaptak le egy illeg\u00e1lis szereket \u00e1rus\u00edt\u00f3 36 \u00e9ves f\u00e9rfira. A Veszpr\u00e9m V\u00e1rmegyei Rend\u0151r-f\u0151kapit\u00e1nys\u00e1g k\u00e1b\u00edt\u00f3szer-kereskedelem b\u0171ntett gyan\u00faja miatt ind\u00edtott elj\u00e1r\u00e1st egy 36 \u00e9ves veszpr\u00e9mi lakossal szemben. Inform\u00e1ci\u00f3 mer\u00fclt fel ugyanis arra, hogy az &hellip; <a href=\"http:\/\/biztonsagosveszprem.hu\/?p=8479\">Egy kattint\u00e1s ide a folytat\u00e1shoz&#8230;. <span class=\"meta-nav\">&rarr;<\/span><\/a><\/p>\n","protected":false},"author":1,"featured_media":0,"comment_status":"closed","ping_status":"open","sticky":false,"template":"","format":"standard","meta":[],"categories":[4,3],"tags":[],"_links":{"self":[{"href":"http:\/\/biztonsagosveszprem.hu\/index.php?rest_route=\/wp\/v2\/posts\/8479"}],"collection":[{"href":"http:\/\/biztonsagosveszprem.hu\/index.php?rest_route=\/wp\/v2\/posts"}],"about":[{"href":"http:\/\/biztonsagosveszprem.hu\/index.php?rest_route=\/wp\/v2\/types\/post"}],"author":[{"embeddable":true,"href":"http:\/\/biztonsagosveszprem.hu\/index.php?rest_route=\/wp\/v2\/users\/1"}],"replies":[{"embeddable":true,"href":"http:\/\/biztonsagosveszprem.hu\/index.php?rest_route=%2Fwp%2Fv2%2Fcomments&post=8479"}],"version-history":[{"count":1,"href":"http:\/\/biztonsagosveszprem.hu\/index.php?rest_route=\/wp\/v2\/posts\/8479\/revisions"}],"predecessor-version":[{"id":8480,"href":"http:\/\/biztonsagosveszprem.hu\/index.php?rest_route=\/wp\/v2\/posts\/8479\/revisions\/8480"}],"wp:attachment":[{"href":"http:\/\/biztonsagosveszprem.hu\/index.php?rest_route=%2Fwp%2Fv2%2Fmedia&parent=8479"}],"wp:term":[{"taxonomy":"category","embeddable":true,"href":"http:\/\/biztonsagosveszprem.hu\/index.php?rest_route=%2Fwp%2Fv2%2Fcategories&post=8479"},{"taxonomy":"post_tag","embeddable":true,"href":"http:\/\/biztonsagosveszprem.hu\/index.php?rest_route=%2Fwp%2Fv2%2Ftags&post=8479"}],"curies":[{"name":"wp","href":"https:\/\/api.w.org\/{rel}","templated":true}]}}