{"id":8471,"date":"2023-12-04T09:26:18","date_gmt":"2023-12-04T07:26:18","guid":{"rendered":"http:\/\/biztonsagosveszprem.hu\/?p=8471"},"modified":"2023-12-04T09:26:18","modified_gmt":"2023-12-04T07:26:18","slug":"kozlekedesi-balesetek-a-szepkoruak-szemszogebol","status":"publish","type":"post","link":"http:\/\/biztonsagosveszprem.hu\/?p=8471","title":{"rendered":"K\u00d6ZLEKED\u00c9SI BALESETEK A SZ\u00c9PKOR\u00daAK SZEMSZ\u00d6G\u00c9B\u0150L"},"content":{"rendered":"<p>Ezzel a c\u00edmmel tartott rendhagy\u00f3 k\u00f6zleked\u00e9s-biztons\u00e1gi el\u0151ad\u00e1st a Pannon\u00a0Egyetem\u00a0aul\u00e1j\u00e1ban 2023. november 30-\u00e1n d\u00e9lel\u0151tt Pint\u00e9r J\u00f3zsef f\u0151t\u00f6rzsz\u00e1szl\u00f3s, a Veszpr\u00e9mi Rend\u0151rkapit\u00e1nys\u00e1g baleseti helysz\u00ednel\u0151je.<\/p>\n<p><a href=\"http:\/\/biztonsagosveszprem.hu\/wp-content\/uploads\/2023\/12\/Pinter-egyetem.jpg\"><img loading=\"lazy\" class=\"aligncenter size-full wp-image-8472\" src=\"http:\/\/biztonsagosveszprem.hu\/wp-content\/uploads\/2023\/12\/Pinter-egyetem.jpg\" alt=\"\" width=\"751\" height=\"500\" srcset=\"http:\/\/biztonsagosveszprem.hu\/wp-content\/uploads\/2023\/12\/Pinter-egyetem.jpg 751w, http:\/\/biztonsagosveszprem.hu\/wp-content\/uploads\/2023\/12\/Pinter-egyetem-300x200.jpg 300w\" sizes=\"(max-width: 751px) 100vw, 751px\" \/><\/a><\/p>\n<p>A helysz\u00ednel\u0151 ez\u00fattal az id\u0151sebb koroszt\u00e1lyt sz\u00f3l\u00edtotta meg. A Nyugd\u00edjas Egyetem elnevez\u00e9s\u0171 programsorozat keret\u00e9ben megtartott el\u0151ad\u00e1s\u00e1n a f\u0151t\u00f6rzsz\u00e1szl\u00f3s kit\u00e9rt a kor el\u0151rehaladt\u00e1val megv\u00e1ltoz\u00f3 reflexekre, a k\u00f6rnyezetb\u0151l \u00e9rkez\u0151 vesz\u00e9lyek \u00e9rz\u00e9kel\u00e9s\u00e9nek neh\u00e9zs\u00e9geire, \u00e9s megt\u00f6rt\u00e9nt balesetek elemz\u00e9se sor\u00e1n mutatott r\u00e1 a megel\u0151z\u00e9s lehet\u0151s\u00e9g\u00e9re. A szakember szeml\u00e9ltette azokat a tipikus k\u00f6zleked\u00e9si helyzeteket, amelyek bek\u00f6vetkezt\u00e9ben a nyugd\u00edjas koroszt\u00e1ly legink\u00e1bb \u00e9rintett. A program a Pannon Egyetem, az \u00c9szaki Szomsz\u00e9dok Nyugd\u00edjas Sz\u00f6vetkezet \u00e9s a Pannon K\u00f6zT\u00e9r k\u00f6z\u00f6s rendezv\u00e9nye volt.<\/p>\n","protected":false},"excerpt":{"rendered":"<p>Ezzel a c\u00edmmel tartott rendhagy\u00f3 k\u00f6zleked\u00e9s-biztons\u00e1gi el\u0151ad\u00e1st a Pannon\u00a0Egyetem\u00a0aul\u00e1j\u00e1ban 2023. november 30-\u00e1n d\u00e9lel\u0151tt Pint\u00e9r J\u00f3zsef f\u0151t\u00f6rzsz\u00e1szl\u00f3s, a Veszpr\u00e9mi Rend\u0151rkapit\u00e1nys\u00e1g baleseti helysz\u00ednel\u0151je. A helysz\u00ednel\u0151 ez\u00fattal az id\u0151sebb koroszt\u00e1lyt sz\u00f3l\u00edtotta meg. A Nyugd\u00edjas Egyetem elnevez\u00e9s\u0171 programsorozat keret\u00e9ben megtartott el\u0151ad\u00e1s\u00e1n a f\u0151t\u00f6rzsz\u00e1szl\u00f3s kit\u00e9rt &hellip; <a href=\"http:\/\/biztonsagosveszprem.hu\/?p=8471\">Egy kattint\u00e1s ide a folytat\u00e1shoz&#8230;. <span class=\"meta-nav\">&rarr;<\/span><\/a><\/p>\n","protected":false},"author":1,"featured_media":0,"comment_status":"closed","ping_status":"open","sticky":false,"template":"","format":"standard","meta":[],"categories":[4,11],"tags":[],"_links":{"self":[{"href":"http:\/\/biztonsagosveszprem.hu\/index.php?rest_route=\/wp\/v2\/posts\/8471"}],"collection":[{"href":"http:\/\/biztonsagosveszprem.hu\/index.php?rest_route=\/wp\/v2\/posts"}],"about":[{"href":"http:\/\/biztonsagosveszprem.hu\/index.php?rest_route=\/wp\/v2\/types\/post"}],"author":[{"embeddable":true,"href":"http:\/\/biztonsagosveszprem.hu\/index.php?rest_route=\/wp\/v2\/users\/1"}],"replies":[{"embeddable":true,"href":"http:\/\/biztonsagosveszprem.hu\/index.php?rest_route=%2Fwp%2Fv2%2Fcomments&post=8471"}],"version-history":[{"count":1,"href":"http:\/\/biztonsagosveszprem.hu\/index.php?rest_route=\/wp\/v2\/posts\/8471\/revisions"}],"predecessor-version":[{"id":8473,"href":"http:\/\/biztonsagosveszprem.hu\/index.php?rest_route=\/wp\/v2\/posts\/8471\/revisions\/8473"}],"wp:attachment":[{"href":"http:\/\/biztonsagosveszprem.hu\/index.php?rest_route=%2Fwp%2Fv2%2Fmedia&parent=8471"}],"wp:term":[{"taxonomy":"category","embeddable":true,"href":"http:\/\/biztonsagosveszprem.hu\/index.php?rest_route=%2Fwp%2Fv2%2Fcategories&post=8471"},{"taxonomy":"post_tag","embeddable":true,"href":"http:\/\/biztonsagosveszprem.hu\/index.php?rest_route=%2Fwp%2Fv2%2Ftags&post=8471"}],"curies":[{"name":"wp","href":"https:\/\/api.w.org\/{rel}","templated":true}]}}