{"id":8456,"date":"2023-11-21T06:27:43","date_gmt":"2023-11-21T04:27:43","guid":{"rendered":"http:\/\/biztonsagosveszprem.hu\/?p=8456"},"modified":"2023-11-21T06:27:43","modified_gmt":"2023-11-21T04:27:43","slug":"a-baleseti-helyszineles-rejtelmei","status":"publish","type":"post","link":"http:\/\/biztonsagosveszprem.hu\/?p=8456","title":{"rendered":"A BALESETI HELYSZ\u00cdNEL\u00c9S REJTELMEI"},"content":{"rendered":"<p><strong>Rendhagy\u00f3 p\u00e1lyaorient\u00e1ci\u00f3s foglalkoz\u00e1st tartottak a veszpr\u00e9mi egyenruh\u00e1sok a di\u00e1koknak.<\/strong><\/p>\n<p><a href=\"http:\/\/biztonsagosveszprem.hu\/wp-content\/uploads\/2023\/11\/palya1_3.jpg\"><img loading=\"lazy\" class=\"aligncenter size-full wp-image-8457\" src=\"http:\/\/biztonsagosveszprem.hu\/wp-content\/uploads\/2023\/11\/palya1_3.jpg\" alt=\"\" width=\"751\" height=\"500\" srcset=\"http:\/\/biztonsagosveszprem.hu\/wp-content\/uploads\/2023\/11\/palya1_3.jpg 751w, http:\/\/biztonsagosveszprem.hu\/wp-content\/uploads\/2023\/11\/palya1_3-300x200.jpg 300w\" sizes=\"(max-width: 751px) 100vw, 751px\" \/><\/a><\/p>\n<p>P\u00e1lyaorient\u00e1ci\u00f3s foglalkoz\u00e1son ismerkedhettek meg a rend\u0151ri munk\u00e1val a veszpr\u00e9mi D\u00f3zsa Gy\u00f6rgy N\u00e9met Nemzetis\u00e9gi Nyelvoktat\u00f3 \u00c1ltal\u00e1nos Iskola hetedik oszt\u00e1lyos tanul\u00f3i 2023. november 17-\u00e9n. Pint\u00e9r J\u00f3zsef rend\u0151r f\u0151t\u00f6rzsz\u00e1szl\u00f3s, a Veszpr\u00e9mi Rend\u0151rkapit\u00e1nys\u00e1g K\u00f6zleked\u00e9srend\u00e9szeti Oszt\u00e1ly\u00e1nak munkat\u00e1rsa a baleseti helysz\u00ednel\u0151k munk\u00e1j\u00e1t mutatta be a gyerekeknek, valamint a koroszt\u00e1lyuknak megfelel\u0151 k\u00f6zleked\u00e9sbiztons\u00e1gi ismereteket is \u00e1tadott sz\u00e1mukra. Ezut\u00e1n a Veszpr\u00e9mi Rend\u0151rkapit\u00e1nys\u00e1g b\u0171nmegel\u0151z\u00e9si el\u0151ad\u00f3ja t\u00e1j\u00e9koztatta a gyerekeket arr\u00f3l, hogy ha a rend\u0151ri hivat\u00e1st v\u00e1lasztj\u00e1k, hol \u00e9s milyen felt\u00e9telekkel tudnak tov\u00e1bbtanulni.<\/p>\n<p><a href=\"http:\/\/biztonsagosveszprem.hu\/wp-content\/uploads\/2023\/11\/palya2_2.jpg\"><img loading=\"lazy\" class=\"aligncenter size-full wp-image-8458\" src=\"http:\/\/biztonsagosveszprem.hu\/wp-content\/uploads\/2023\/11\/palya2_2.jpg\" alt=\"\" width=\"656\" height=\"500\" srcset=\"http:\/\/biztonsagosveszprem.hu\/wp-content\/uploads\/2023\/11\/palya2_2.jpg 656w, http:\/\/biztonsagosveszprem.hu\/wp-content\/uploads\/2023\/11\/palya2_2-300x229.jpg 300w\" sizes=\"(max-width: 656px) 100vw, 656px\" \/><\/a><\/p>\n<p>&nbsp;<\/p>\n","protected":false},"excerpt":{"rendered":"<p>Rendhagy\u00f3 p\u00e1lyaorient\u00e1ci\u00f3s foglalkoz\u00e1st tartottak a veszpr\u00e9mi egyenruh\u00e1sok a di\u00e1koknak. P\u00e1lyaorient\u00e1ci\u00f3s foglalkoz\u00e1son ismerkedhettek meg a rend\u0151ri munk\u00e1val a veszpr\u00e9mi D\u00f3zsa Gy\u00f6rgy N\u00e9met Nemzetis\u00e9gi Nyelvoktat\u00f3 \u00c1ltal\u00e1nos Iskola hetedik oszt\u00e1lyos tanul\u00f3i 2023. november 17-\u00e9n. Pint\u00e9r J\u00f3zsef rend\u0151r f\u0151t\u00f6rzsz\u00e1szl\u00f3s, a Veszpr\u00e9mi Rend\u0151rkapit\u00e1nys\u00e1g K\u00f6zleked\u00e9srend\u00e9szeti Oszt\u00e1ly\u00e1nak &hellip; <a href=\"http:\/\/biztonsagosveszprem.hu\/?p=8456\">Egy kattint\u00e1s ide a folytat\u00e1shoz&#8230;. <span class=\"meta-nav\">&rarr;<\/span><\/a><\/p>\n","protected":false},"author":1,"featured_media":0,"comment_status":"closed","ping_status":"open","sticky":false,"template":"","format":"standard","meta":[],"categories":[4,3],"tags":[],"_links":{"self":[{"href":"http:\/\/biztonsagosveszprem.hu\/index.php?rest_route=\/wp\/v2\/posts\/8456"}],"collection":[{"href":"http:\/\/biztonsagosveszprem.hu\/index.php?rest_route=\/wp\/v2\/posts"}],"about":[{"href":"http:\/\/biztonsagosveszprem.hu\/index.php?rest_route=\/wp\/v2\/types\/post"}],"author":[{"embeddable":true,"href":"http:\/\/biztonsagosveszprem.hu\/index.php?rest_route=\/wp\/v2\/users\/1"}],"replies":[{"embeddable":true,"href":"http:\/\/biztonsagosveszprem.hu\/index.php?rest_route=%2Fwp%2Fv2%2Fcomments&post=8456"}],"version-history":[{"count":1,"href":"http:\/\/biztonsagosveszprem.hu\/index.php?rest_route=\/wp\/v2\/posts\/8456\/revisions"}],"predecessor-version":[{"id":8459,"href":"http:\/\/biztonsagosveszprem.hu\/index.php?rest_route=\/wp\/v2\/posts\/8456\/revisions\/8459"}],"wp:attachment":[{"href":"http:\/\/biztonsagosveszprem.hu\/index.php?rest_route=%2Fwp%2Fv2%2Fmedia&parent=8456"}],"wp:term":[{"taxonomy":"category","embeddable":true,"href":"http:\/\/biztonsagosveszprem.hu\/index.php?rest_route=%2Fwp%2Fv2%2Fcategories&post=8456"},{"taxonomy":"post_tag","embeddable":true,"href":"http:\/\/biztonsagosveszprem.hu\/index.php?rest_route=%2Fwp%2Fv2%2Ftags&post=8456"}],"curies":[{"name":"wp","href":"https:\/\/api.w.org\/{rel}","templated":true}]}}