{"id":8453,"date":"2023-11-21T06:25:18","date_gmt":"2023-11-21T04:25:18","guid":{"rendered":"http:\/\/biztonsagosveszprem.hu\/?p=8453"},"modified":"2023-11-21T06:25:18","modified_gmt":"2023-11-21T04:25:18","slug":"stabilitas-a-zirci-jaras-kozbiztonsagaban","status":"publish","type":"post","link":"http:\/\/biztonsagosveszprem.hu\/?p=8453","title":{"rendered":"STABILIT\u00c1S A ZIRCI J\u00c1R\u00c1S K\u00d6ZBIZTONS\u00c1G\u00c1BAN"},"content":{"rendered":"<p><strong>T\u00e1j\u00e9koztat\u00e1st adott a Veszpr\u00e9mi Rend\u0151rkapit\u00e1ny a f\u00f3rumon.<\/strong><\/p>\n<p><a href=\"http:\/\/biztonsagosveszprem.hu\/wp-content\/uploads\/2023\/11\/JKEF-Zirc.jpg\"><img loading=\"lazy\" class=\"aligncenter size-full wp-image-8454\" src=\"http:\/\/biztonsagosveszprem.hu\/wp-content\/uploads\/2023\/11\/JKEF-Zirc.jpg\" alt=\"\" width=\"751\" height=\"500\" srcset=\"http:\/\/biztonsagosveszprem.hu\/wp-content\/uploads\/2023\/11\/JKEF-Zirc.jpg 751w, http:\/\/biztonsagosveszprem.hu\/wp-content\/uploads\/2023\/11\/JKEF-Zirc-300x200.jpg 300w\" sizes=\"(max-width: 751px) 100vw, 751px\" \/><\/a><\/p>\n<div class=\"body-text\">\n<p>A k\u00f6zleked\u00e9s- \u00e9s a k\u00f6zbiztons\u00e1g helyzete, valamint az online csal\u00e1sok megel\u0151z\u00e9se volt a f\u0151 t\u00e9ma a 2023. november 16-\u00e1n megtartott Zirci J\u00e1r\u00e1si K\u00f6zbiztons\u00e1gi Egyeztet\u0151 F\u00f3rum \u00fcl\u00e9s\u00e9n.<\/p>\n<p>A helyi \u00f6nkorm\u00e1nyzat d\u00edszterm\u00e9ben tartott f\u00f3rumon Rausz Istv\u00e1n rend\u0151r ezredes adott helyzet\u00e9rt\u00e9kel\u0151 t\u00e1j\u00e9koztat\u00e1st a t\u00e9rs\u00e9g aktu\u00e1lis k\u00f6zrendv\u00e9delmi, k\u00f6zleked\u00e9s-biztons\u00e1gi helyzet\u00e9r\u0151l, melyen a j\u00e1r\u00e1s telep\u00fcl\u00e9seinek k\u00f6zbiztons\u00e1g\u00e1t fel\u00fcgyel\u0151 \u00f6nkorm\u00e1nyzati \u00e9s civil szervezetek k\u00e9pvisel\u0151i is r\u00e9szt vettek. A kapit\u00e1nys\u00e1gvezet\u0151 stabilan j\u00f3nak \u00e9rt\u00e9kelte a k\u00f6zbiztons\u00e1got.<\/p>\n<p>A f\u00f3rumon elhangzott, hogy egyre kevesebb a k\u00f6zter\u00fcleten elk\u00f6vetett b\u0171ncselekm\u00e9ny, m\u00edg az online t\u00e9rben elk\u00f6vetett jogs\u00e9rt\u00e9sek sz\u00e1ma n\u00f6vekszik. Az online csal\u00e1sok megel\u0151z\u00e9s\u00e9t kiemelt feladatk\u00e9nt nevezte meg a kapit\u00e1nys\u00e1gvezet\u0151. Rausz Istv\u00e1n rend\u0151r ezredes a k\u00f6z\u00fati balesetek sz\u00e1m\u00e1nak cs\u00f6kkent\u00e9se ter\u00e9n is a megel\u0151z\u00e9sre helyezte a hangs\u00falyt, \u00e9s a k\u00f6zleked\u00e9s-biztons\u00e1g er\u0151s\u00edt\u00e9se kapcs\u00e1n felh\u00edvta a jelenl\u00e9v\u0151k figyelm\u00e9t a trafiboxok telep\u00edt\u00e9s\u00e9nek lehet\u0151s\u00e9g\u00e9re. A kapit\u00e1nys\u00e1gvezet\u0151 ismertette a t\u00e9li id\u0151szak kiemelt feladatait, \u00e9s felh\u00edvta a figyelmet az egyed\u00fcl\u00e1ll\u00f3 id\u0151s emberek gondoskod\u00e1s\u00e1ra. Hangs\u00falyozta, hogy az egy\u00e9ni trag\u00e9di\u00e1k elker\u00fcl\u00e9se \u00e9rdek\u00e9ben sz\u00fcks\u00e9g van a rend\u0151rs\u00e9g, az \u00f6nkorm\u00e1nyzat \u00e9s a civil szervezetek \u00f6sszefog\u00e1s\u00e1ra. A rendezv\u00e9nyen Ors\u00f3s K\u00e1roly rend\u0151r \u0151rnagy tartott el\u0151ad\u00e1st az online csal\u00e1sok megel\u0151z\u00e9s\u00e9vel kapcsolatban.<\/p>\n<p>A f\u00f3rum r\u00e9sztvev\u0151i z\u00e1r\u00e1sk\u00e9nt a k\u00f6zbiztons\u00e1got, k\u00f6zleked\u00e9si k\u00e9rd\u00e9seket \u00e9rint\u0151 felvet\u00e9seket vitatt\u00e1k meg.<\/p>\n<\/div>\n","protected":false},"excerpt":{"rendered":"<p>T\u00e1j\u00e9koztat\u00e1st adott a Veszpr\u00e9mi Rend\u0151rkapit\u00e1ny a f\u00f3rumon. A k\u00f6zleked\u00e9s- \u00e9s a k\u00f6zbiztons\u00e1g helyzete, valamint az online csal\u00e1sok megel\u0151z\u00e9se volt a f\u0151 t\u00e9ma a 2023. november 16-\u00e1n megtartott Zirci J\u00e1r\u00e1si K\u00f6zbiztons\u00e1gi Egyeztet\u0151 F\u00f3rum \u00fcl\u00e9s\u00e9n. A helyi \u00f6nkorm\u00e1nyzat d\u00edszterm\u00e9ben tartott f\u00f3rumon Rausz &hellip; <a href=\"http:\/\/biztonsagosveszprem.hu\/?p=8453\">Egy kattint\u00e1s ide a folytat\u00e1shoz&#8230;. <span class=\"meta-nav\">&rarr;<\/span><\/a><\/p>\n","protected":false},"author":1,"featured_media":0,"comment_status":"closed","ping_status":"open","sticky":false,"template":"","format":"standard","meta":[],"categories":[4,3],"tags":[],"_links":{"self":[{"href":"http:\/\/biztonsagosveszprem.hu\/index.php?rest_route=\/wp\/v2\/posts\/8453"}],"collection":[{"href":"http:\/\/biztonsagosveszprem.hu\/index.php?rest_route=\/wp\/v2\/posts"}],"about":[{"href":"http:\/\/biztonsagosveszprem.hu\/index.php?rest_route=\/wp\/v2\/types\/post"}],"author":[{"embeddable":true,"href":"http:\/\/biztonsagosveszprem.hu\/index.php?rest_route=\/wp\/v2\/users\/1"}],"replies":[{"embeddable":true,"href":"http:\/\/biztonsagosveszprem.hu\/index.php?rest_route=%2Fwp%2Fv2%2Fcomments&post=8453"}],"version-history":[{"count":1,"href":"http:\/\/biztonsagosveszprem.hu\/index.php?rest_route=\/wp\/v2\/posts\/8453\/revisions"}],"predecessor-version":[{"id":8455,"href":"http:\/\/biztonsagosveszprem.hu\/index.php?rest_route=\/wp\/v2\/posts\/8453\/revisions\/8455"}],"wp:attachment":[{"href":"http:\/\/biztonsagosveszprem.hu\/index.php?rest_route=%2Fwp%2Fv2%2Fmedia&parent=8453"}],"wp:term":[{"taxonomy":"category","embeddable":true,"href":"http:\/\/biztonsagosveszprem.hu\/index.php?rest_route=%2Fwp%2Fv2%2Fcategories&post=8453"},{"taxonomy":"post_tag","embeddable":true,"href":"http:\/\/biztonsagosveszprem.hu\/index.php?rest_route=%2Fwp%2Fv2%2Ftags&post=8453"}],"curies":[{"name":"wp","href":"https:\/\/api.w.org\/{rel}","templated":true}]}}