{"id":8448,"date":"2023-11-17T06:50:47","date_gmt":"2023-11-17T04:50:47","guid":{"rendered":"http:\/\/biztonsagosveszprem.hu\/?p=8448"},"modified":"2023-11-17T06:50:47","modified_gmt":"2023-11-17T04:50:47","slug":"jutalmazas-az-elert-eredmenyekert","status":"publish","type":"post","link":"http:\/\/biztonsagosveszprem.hu\/?p=8448","title":{"rendered":"JUTALMAZ\u00c1S AZ EL\u00c9RT EREDM\u00c9NYEK\u00c9RT"},"content":{"rendered":"<p><strong>A Veszpr\u00e9mi Rend\u0151rkapit\u00e1nys\u00e1g \u00f6t munkat\u00e1rsa r\u00e9szes\u00fclt elismer\u00e9sben.<\/strong><\/p>\n<p><a href=\"http:\/\/biztonsagosveszprem.hu\/wp-content\/uploads\/2023\/11\/jutalmazottak-2023.11.14-masolata.jpg\"><img loading=\"lazy\" class=\"aligncenter size-full wp-image-8449\" src=\"http:\/\/biztonsagosveszprem.hu\/wp-content\/uploads\/2023\/11\/jutalmazottak-2023.11.14-masolata.jpg\" alt=\"\" width=\"751\" height=\"500\" srcset=\"http:\/\/biztonsagosveszprem.hu\/wp-content\/uploads\/2023\/11\/jutalmazottak-2023.11.14-masolata.jpg 751w, http:\/\/biztonsagosveszprem.hu\/wp-content\/uploads\/2023\/11\/jutalmazottak-2023.11.14-masolata-300x200.jpg 300w\" sizes=\"(max-width: 751px) 100vw, 751px\" \/><\/a><\/p>\n<p>A Veszpr\u00e9mi Rend\u0151rkapit\u00e1nys\u00e1g \u00f6t munkat\u00e1rsa vehetett \u00e1t elismer\u00e9st 2023. november 14-\u00e9n. Rausz Istv\u00e1n rend\u0151r ezredes, a Veszpr\u00e9mi Rend\u0151rkapit\u00e1nys\u00e1g vezet\u0151je s\u00falyos vagyon elleni b\u0171ncselekm\u00e9ny gyors felder\u00edt\u00e9s\u00e9ben v\u00e9gzett eredm\u00e9nyes munk\u00e1j\u00e1\u00e9rt jutalomban r\u00e9szes\u00edtette Zanati Gyula c\u00edmzetes rend\u0151r \u0151rnagyot, Romsics Endre rend\u0151r sz\u00e1zadost, Szab\u00f3 Roland rend\u0151r t\u00f6rzs\u0151rmestert \u00e9s Kov\u00e1cs Andor D\u00e1niel rend\u0151r \u0151rmestert.<\/p>\n<p>A 73-as sz\u00e1m\u00fa f\u0151\u00faton t\u00f6rt\u00e9nt hal\u00e1los k\u00f6z\u00fati k\u00f6zleked\u00e9si baleset elk\u00f6vet\u0151j\u00e9nek felder\u00edt\u00e9s\u00e9ben v\u00e9gzett eredm\u00e9nyes munk\u00e1j\u00e1\u00e9rt elismer\u00e9sben r\u00e9szes\u00fclt H\u00e9dl G\u00e1bor rend\u0151r t\u00f6zsz\u00e1szl\u00f3s.<\/p>\n<p>A jutalmazottak munk\u00e1j\u00e1t megk\u00f6sz\u00f6nte, \u00e9s az el\u00e9rt eredm\u00e9nyek\u00e9rt elismer\u00e9s\u00e9t fejezte ki D\u00e9k\u00e1ny Bal\u00e1zs rend\u0151r ezredes, a Veszpr\u00e9m V\u00e1rmegyei Rend\u0151r-f\u0151kapit\u00e1nys\u00e1g vezet\u0151je.<\/p>\n","protected":false},"excerpt":{"rendered":"<p>A Veszpr\u00e9mi Rend\u0151rkapit\u00e1nys\u00e1g \u00f6t munkat\u00e1rsa r\u00e9szes\u00fclt elismer\u00e9sben. A Veszpr\u00e9mi Rend\u0151rkapit\u00e1nys\u00e1g \u00f6t munkat\u00e1rsa vehetett \u00e1t elismer\u00e9st 2023. november 14-\u00e9n. Rausz Istv\u00e1n rend\u0151r ezredes, a Veszpr\u00e9mi Rend\u0151rkapit\u00e1nys\u00e1g vezet\u0151je s\u00falyos vagyon elleni b\u0171ncselekm\u00e9ny gyors felder\u00edt\u00e9s\u00e9ben v\u00e9gzett eredm\u00e9nyes munk\u00e1j\u00e1\u00e9rt jutalomban r\u00e9szes\u00edtette Zanati Gyula c\u00edmzetes &hellip; <a href=\"http:\/\/biztonsagosveszprem.hu\/?p=8448\">Egy kattint\u00e1s ide a folytat\u00e1shoz&#8230;. <span class=\"meta-nav\">&rarr;<\/span><\/a><\/p>\n","protected":false},"author":1,"featured_media":0,"comment_status":"closed","ping_status":"open","sticky":false,"template":"","format":"standard","meta":[],"categories":[4,3],"tags":[],"_links":{"self":[{"href":"http:\/\/biztonsagosveszprem.hu\/index.php?rest_route=\/wp\/v2\/posts\/8448"}],"collection":[{"href":"http:\/\/biztonsagosveszprem.hu\/index.php?rest_route=\/wp\/v2\/posts"}],"about":[{"href":"http:\/\/biztonsagosveszprem.hu\/index.php?rest_route=\/wp\/v2\/types\/post"}],"author":[{"embeddable":true,"href":"http:\/\/biztonsagosveszprem.hu\/index.php?rest_route=\/wp\/v2\/users\/1"}],"replies":[{"embeddable":true,"href":"http:\/\/biztonsagosveszprem.hu\/index.php?rest_route=%2Fwp%2Fv2%2Fcomments&post=8448"}],"version-history":[{"count":1,"href":"http:\/\/biztonsagosveszprem.hu\/index.php?rest_route=\/wp\/v2\/posts\/8448\/revisions"}],"predecessor-version":[{"id":8450,"href":"http:\/\/biztonsagosveszprem.hu\/index.php?rest_route=\/wp\/v2\/posts\/8448\/revisions\/8450"}],"wp:attachment":[{"href":"http:\/\/biztonsagosveszprem.hu\/index.php?rest_route=%2Fwp%2Fv2%2Fmedia&parent=8448"}],"wp:term":[{"taxonomy":"category","embeddable":true,"href":"http:\/\/biztonsagosveszprem.hu\/index.php?rest_route=%2Fwp%2Fv2%2Fcategories&post=8448"},{"taxonomy":"post_tag","embeddable":true,"href":"http:\/\/biztonsagosveszprem.hu\/index.php?rest_route=%2Fwp%2Fv2%2Ftags&post=8448"}],"curies":[{"name":"wp","href":"https:\/\/api.w.org\/{rel}","templated":true}]}}