{"id":8445,"date":"2023-11-17T06:48:47","date_gmt":"2023-11-17T04:48:47","guid":{"rendered":"http:\/\/biztonsagosveszprem.hu\/?p=8445"},"modified":"2023-11-17T06:48:47","modified_gmt":"2023-11-17T04:48:47","slug":"ellopta-a-villanypasztor-adapteret","status":"publish","type":"post","link":"http:\/\/biztonsagosveszprem.hu\/?p=8445","title":{"rendered":"ELLOPTA A VILLANYP\u00c1SZTOR ADAPTER\u00c9T"},"content":{"rendered":"<p><strong>A veszpr\u00e9mi rend\u0151r\u00f6k elfogtak egy Fej\u00e9r v\u00e1rmegyei faluban \u00e9l\u0151 49 \u00e9ves f\u00e9rfit.<\/strong><\/p>\n<p><a href=\"http:\/\/biztonsagosveszprem.hu\/wp-content\/uploads\/2023\/11\/lopas1_15.jpg\"><img loading=\"lazy\" class=\"aligncenter size-full wp-image-8446\" src=\"http:\/\/biztonsagosveszprem.hu\/wp-content\/uploads\/2023\/11\/lopas1_15.jpg\" alt=\"\" width=\"751\" height=\"500\" srcset=\"http:\/\/biztonsagosveszprem.hu\/wp-content\/uploads\/2023\/11\/lopas1_15.jpg 751w, http:\/\/biztonsagosveszprem.hu\/wp-content\/uploads\/2023\/11\/lopas1_15-300x200.jpg 300w\" sizes=\"(max-width: 751px) 100vw, 751px\" \/><\/a><\/p>\n<p>A helyi erd\u00e9szet k\u00e9pvisel\u0151je tett feljelent\u00e9st a Zirci Rend\u0151r\u0151rs\u00f6n 2023. november 13-\u00e1n kora d\u00e9lel\u0151tt arr\u00f3l, hogy el\u0151z\u0151 \u00e9jszaka ismeretlen tettes egy nagy \u00e9rt\u00e9k\u0171 villanyp\u00e1sztor \u00fczemeltet\u00e9s\u00e9hez haszn\u00e1lt adaptert lopott el. A nyomoz\u00f3k az adatgy\u0171jt\u00e9st k\u00f6vet\u0151en azonos\u00edtott\u00e1k a felt\u00e9telezett elk\u00f6vet\u0151t, \u00e9s n\u00e9h\u00e1ny \u00f3r\u00e1val k\u00e9s\u0151bb elfogt\u00e1k. A Fej\u00e9r v\u00e1rmegyei kistelep\u00fcl\u00e9sen \u00e9l\u0151 f\u00e9rfi h\u00e1z\u00e1ban tartott kutat\u00e1s sor\u00e1n a nyomoz\u00f3k lefoglalt\u00e1k az adaptert. A 49 \u00e9ves tettest el\u0151\u00e1ll\u00edtott\u00e1k a Veszpr\u00e9mi Rend\u0151rkapit\u00e1nys\u00e1gra, \u00e9s lop\u00e1s b\u0171ntett megalapozott gyan\u00faja miatt ind\u00edtottak vele szemben elj\u00e1r\u00e1st.<\/p>\n","protected":false},"excerpt":{"rendered":"<p>A veszpr\u00e9mi rend\u0151r\u00f6k elfogtak egy Fej\u00e9r v\u00e1rmegyei faluban \u00e9l\u0151 49 \u00e9ves f\u00e9rfit. A helyi erd\u00e9szet k\u00e9pvisel\u0151je tett feljelent\u00e9st a Zirci Rend\u0151r\u0151rs\u00f6n 2023. november 13-\u00e1n kora d\u00e9lel\u0151tt arr\u00f3l, hogy el\u0151z\u0151 \u00e9jszaka ismeretlen tettes egy nagy \u00e9rt\u00e9k\u0171 villanyp\u00e1sztor \u00fczemeltet\u00e9s\u00e9hez haszn\u00e1lt adaptert lopott &hellip; <a href=\"http:\/\/biztonsagosveszprem.hu\/?p=8445\">Egy kattint\u00e1s ide a folytat\u00e1shoz&#8230;. <span class=\"meta-nav\">&rarr;<\/span><\/a><\/p>\n","protected":false},"author":1,"featured_media":0,"comment_status":"closed","ping_status":"open","sticky":false,"template":"","format":"standard","meta":[],"categories":[4,3],"tags":[],"_links":{"self":[{"href":"http:\/\/biztonsagosveszprem.hu\/index.php?rest_route=\/wp\/v2\/posts\/8445"}],"collection":[{"href":"http:\/\/biztonsagosveszprem.hu\/index.php?rest_route=\/wp\/v2\/posts"}],"about":[{"href":"http:\/\/biztonsagosveszprem.hu\/index.php?rest_route=\/wp\/v2\/types\/post"}],"author":[{"embeddable":true,"href":"http:\/\/biztonsagosveszprem.hu\/index.php?rest_route=\/wp\/v2\/users\/1"}],"replies":[{"embeddable":true,"href":"http:\/\/biztonsagosveszprem.hu\/index.php?rest_route=%2Fwp%2Fv2%2Fcomments&post=8445"}],"version-history":[{"count":1,"href":"http:\/\/biztonsagosveszprem.hu\/index.php?rest_route=\/wp\/v2\/posts\/8445\/revisions"}],"predecessor-version":[{"id":8447,"href":"http:\/\/biztonsagosveszprem.hu\/index.php?rest_route=\/wp\/v2\/posts\/8445\/revisions\/8447"}],"wp:attachment":[{"href":"http:\/\/biztonsagosveszprem.hu\/index.php?rest_route=%2Fwp%2Fv2%2Fmedia&parent=8445"}],"wp:term":[{"taxonomy":"category","embeddable":true,"href":"http:\/\/biztonsagosveszprem.hu\/index.php?rest_route=%2Fwp%2Fv2%2Fcategories&post=8445"},{"taxonomy":"post_tag","embeddable":true,"href":"http:\/\/biztonsagosveszprem.hu\/index.php?rest_route=%2Fwp%2Fv2%2Ftags&post=8445"}],"curies":[{"name":"wp","href":"https:\/\/api.w.org\/{rel}","templated":true}]}}