{"id":8440,"date":"2023-11-17T06:46:12","date_gmt":"2023-11-17T04:46:12","guid":{"rendered":"http:\/\/biztonsagosveszprem.hu\/?p=8440"},"modified":"2023-11-17T06:46:12","modified_gmt":"2023-11-17T04:46:12","slug":"engedely-nelkul-elvittek-az-autot-majd-leteptek-rola-a-rendszamot","status":"publish","type":"post","link":"http:\/\/biztonsagosveszprem.hu\/?p=8440","title":{"rendered":"ENGED\u00c9LY N\u00c9LK\u00dcL ELVITT\u00c9K AZ AUT\u00d3T, MAJD LET\u00c9PT\u00c9K R\u00d3LA A RENDSZ\u00c1MOT"},"content":{"rendered":"<p><strong>A Veszpr\u00e9mi Rend\u0151rkapit\u00e1nys\u00e1g munkat\u00e1rsai gyan\u00fas\u00edtottk\u00e9nt kihallgattak k\u00e9t fiatalt.<\/strong><\/p>\n<p><a href=\"http:\/\/biztonsagosveszprem.hu\/wp-content\/uploads\/2023\/11\/jarmuonkenyes-2023.11.13..jpg\"><img loading=\"lazy\" class=\"aligncenter size-full wp-image-8442\" src=\"http:\/\/biztonsagosveszprem.hu\/wp-content\/uploads\/2023\/11\/jarmuonkenyes-2023.11.13..jpg\" alt=\"\" width=\"751\" height=\"500\" srcset=\"http:\/\/biztonsagosveszprem.hu\/wp-content\/uploads\/2023\/11\/jarmuonkenyes-2023.11.13..jpg 751w, http:\/\/biztonsagosveszprem.hu\/wp-content\/uploads\/2023\/11\/jarmuonkenyes-2023.11.13.-300x200.jpg 300w\" sizes=\"(max-width: 751px) 100vw, 751px\" \/><\/a><\/p>\n<p>Az utc\u00e1n leparkolt aut\u00f3ja elt\u0171n\u00e9se miatt tett feljelent\u00e9st egy veszpr\u00e9mi f\u00e9rfi 2023. november 10-\u00e9n. Az adatgy\u0171jt\u00e9s eredm\u00e9nyek\u00e9nt a nyomoz\u00f3k azonos\u00edtott\u00e1k a k\u00e9t elk\u00f6vet\u0151t, akiket m\u00e9g aznap d\u00e9lel\u0151tt elfogtak. A fi\u00fak elismert\u00e9k, hogy \u0151k vitt\u00e9k el enged\u00e9ly n\u00e9lk\u00fcl az aut\u00f3t el\u0151z\u0151 este. A kocsi nyitva volt \u00e9s az ind\u00edt\u00f3kulcsot is benne tal\u00e1lt\u00e1k. Egyik fiatal sem rendelkezett jogos\u00edtv\u00e1nnyal, egyik\u00fck azonban tudta, hogyan kell elind\u00edtani a g\u00e9pkocsit. El\u0151sz\u00f6r Balatonf\u0151kaj\u00e1rra mentek, ahol felvett\u00e9k az egyik fi\u00fa n\u0151v\u00e9r\u00e9t \u00e9s annak bar\u00e1tn\u0151j\u00e9t, majd elmentek Polg\u00e1rdiba \u00e9s Sz\u00e9kesfeh\u00e9rv\u00e1rra. V\u00e9g\u00fcl m\u00e1snap reggel Veszpr\u00e9mben leparkolt\u00e1k az aut\u00f3t, a rendsz\u00e1mokat pedig let\u00f6rt\u00e9k r\u00f3la \u00e9s eldobt\u00e1k. A k\u00e9t fiatal Veszpr\u00e9m belv\u00e1ros\u00e1ban tart\u00f3zkodott az utc\u00e1n, amikor a rend\u0151r\u00f6k elfogt\u00e1k \u0151ket. A nyomoz\u00f3k j\u00e1rm\u0171 \u00f6nk\u00e9nyes elv\u00e9tele b\u0171ntett \u00e9s egyedi azonos\u00edt\u00f3 jellel vissza\u00e9l\u00e9s megalapozott gyan\u00faja miatt hallgatt\u00e1k ki mindk\u00e9t elk\u00f6vet\u0151t.<\/p>\n<p><a href=\"http:\/\/biztonsagosveszprem.hu\/wp-content\/uploads\/2023\/11\/jarmuonkenyes-2023.11.13.-1.jpg\"><img loading=\"lazy\" class=\"aligncenter size-full wp-image-8443\" src=\"http:\/\/biztonsagosveszprem.hu\/wp-content\/uploads\/2023\/11\/jarmuonkenyes-2023.11.13.-1.jpg\" alt=\"\" width=\"333\" height=\"500\" srcset=\"http:\/\/biztonsagosveszprem.hu\/wp-content\/uploads\/2023\/11\/jarmuonkenyes-2023.11.13.-1.jpg 333w, http:\/\/biztonsagosveszprem.hu\/wp-content\/uploads\/2023\/11\/jarmuonkenyes-2023.11.13.-1-200x300.jpg 200w\" sizes=\"(max-width: 333px) 100vw, 333px\" \/><\/a><\/p>\n<p>&nbsp;<\/p>\n","protected":false},"excerpt":{"rendered":"<p>A Veszpr\u00e9mi Rend\u0151rkapit\u00e1nys\u00e1g munkat\u00e1rsai gyan\u00fas\u00edtottk\u00e9nt kihallgattak k\u00e9t fiatalt. Az utc\u00e1n leparkolt aut\u00f3ja elt\u0171n\u00e9se miatt tett feljelent\u00e9st egy veszpr\u00e9mi f\u00e9rfi 2023. november 10-\u00e9n. Az adatgy\u0171jt\u00e9s eredm\u00e9nyek\u00e9nt a nyomoz\u00f3k azonos\u00edtott\u00e1k a k\u00e9t elk\u00f6vet\u0151t, akiket m\u00e9g aznap d\u00e9lel\u0151tt elfogtak. A fi\u00fak elismert\u00e9k, hogy &hellip; <a href=\"http:\/\/biztonsagosveszprem.hu\/?p=8440\">Egy kattint\u00e1s ide a folytat\u00e1shoz&#8230;. <span class=\"meta-nav\">&rarr;<\/span><\/a><\/p>\n","protected":false},"author":1,"featured_media":0,"comment_status":"closed","ping_status":"open","sticky":false,"template":"","format":"standard","meta":[],"categories":[4,3],"tags":[],"_links":{"self":[{"href":"http:\/\/biztonsagosveszprem.hu\/index.php?rest_route=\/wp\/v2\/posts\/8440"}],"collection":[{"href":"http:\/\/biztonsagosveszprem.hu\/index.php?rest_route=\/wp\/v2\/posts"}],"about":[{"href":"http:\/\/biztonsagosveszprem.hu\/index.php?rest_route=\/wp\/v2\/types\/post"}],"author":[{"embeddable":true,"href":"http:\/\/biztonsagosveszprem.hu\/index.php?rest_route=\/wp\/v2\/users\/1"}],"replies":[{"embeddable":true,"href":"http:\/\/biztonsagosveszprem.hu\/index.php?rest_route=%2Fwp%2Fv2%2Fcomments&post=8440"}],"version-history":[{"count":1,"href":"http:\/\/biztonsagosveszprem.hu\/index.php?rest_route=\/wp\/v2\/posts\/8440\/revisions"}],"predecessor-version":[{"id":8444,"href":"http:\/\/biztonsagosveszprem.hu\/index.php?rest_route=\/wp\/v2\/posts\/8440\/revisions\/8444"}],"wp:attachment":[{"href":"http:\/\/biztonsagosveszprem.hu\/index.php?rest_route=%2Fwp%2Fv2%2Fmedia&parent=8440"}],"wp:term":[{"taxonomy":"category","embeddable":true,"href":"http:\/\/biztonsagosveszprem.hu\/index.php?rest_route=%2Fwp%2Fv2%2Fcategories&post=8440"},{"taxonomy":"post_tag","embeddable":true,"href":"http:\/\/biztonsagosveszprem.hu\/index.php?rest_route=%2Fwp%2Fv2%2Ftags&post=8440"}],"curies":[{"name":"wp","href":"https:\/\/api.w.org\/{rel}","templated":true}]}}