{"id":8437,"date":"2023-11-13T07:36:37","date_gmt":"2023-11-13T05:36:37","guid":{"rendered":"http:\/\/biztonsagosveszprem.hu\/?p=8437"},"modified":"2023-11-13T07:36:37","modified_gmt":"2023-11-13T05:36:37","slug":"lezart-akta-leteptek-a-lancat-es-megutottek-egy-gaz-riaszto-fegyverrel","status":"publish","type":"post","link":"http:\/\/biztonsagosveszprem.hu\/?p=8437","title":{"rendered":"LEZ\u00c1RT AKTA: LET\u00c9PT\u00c9K A L\u00c1NC\u00c1T, \u00c9S MEG\u00dcT\u00d6TT\u00c9K EGY G\u00c1Z-RIASZT\u00d3 FEGYVERREL"},"content":{"rendered":"<p><strong>A Veszpr\u00e9mi Rend\u0151rkapit\u00e1nys\u00e1g befejezte az \u00fcgy vizsg\u00e1lat\u00e1t.<\/strong><\/p>\n<p><a href=\"http:\/\/biztonsagosveszprem.hu\/wp-content\/uploads\/2023\/11\/rablas-2023.11.09..jpg\"><img loading=\"lazy\" class=\"aligncenter size-full wp-image-8438\" src=\"http:\/\/biztonsagosveszprem.hu\/wp-content\/uploads\/2023\/11\/rablas-2023.11.09..jpg\" alt=\"\" width=\"751\" height=\"500\" srcset=\"http:\/\/biztonsagosveszprem.hu\/wp-content\/uploads\/2023\/11\/rablas-2023.11.09..jpg 751w, http:\/\/biztonsagosveszprem.hu\/wp-content\/uploads\/2023\/11\/rablas-2023.11.09.-300x200.jpg 300w\" sizes=\"(max-width: 751px) 100vw, 751px\" \/><\/a><\/p>\n<p>Mint ahogy arr\u00f3l\u00a0<a href=\"https:\/\/www.police.hu\/hu\/hirek-es-informaciok\/legfrissebb-hireink\/bunugyek\/bravuros-gyorsasaggal-elfogtak-a-veszpremi\">kor\u00e1bban besz\u00e1moltunk<\/a>, 2023. j\u00falius 21-\u00e9n \u00e9jszaka a k\u00e9s\u0151bbi s\u00e9rtett az egyik veszpr\u00e9mi parkban, egy padon pihent, amikor odament hozz\u00e1 k\u00e9t f\u00e9rfi, lefogt\u00e1k, \u00e9s let\u00e9pt\u00e9k a nyak\u00e1b\u00f3l a l\u00e1nc\u00e1t. Ezenk\u00edv\u00fcl elvett\u00e9k t\u0151le a mobiltelefonj\u00e1t, valamint az igazolv\u00e1nytokj\u00e1t a benne l\u00e9v\u0151 szem\u00e9lyes iratokkal \u00e9s bankk\u00e1rty\u00e1kkal egy\u00fctt. A s\u00e9rtett pr\u00f3b\u00e1lt v\u00e9dekezni, azonban egy g\u00e1z-riaszt\u00f3 pisztollyal fejbe vert\u00e9k, melynek k\u00f6vetkezt\u00e9ben megs\u00e9r\u00fclt.<\/p>\n<p>A rend\u0151r\u00f6k a bejelent\u00e9st k\u00f6vet\u0151 n\u00e9h\u00e1ny percen bel\u00fcl a belv\u00e1rosban fogt\u00e1k el a k\u00e9t elk\u00f6vet\u0151t. A 39 \u00e9ves veszpr\u00e9mi \u00e9s a 29 \u00e9ves hajm\u00e1sk\u00e9ri lakost az egyenruh\u00e1sok el\u0151\u00e1ll\u00edtott\u00e1k a Veszpr\u00e9mi Rend\u0151rkapit\u00e1nys\u00e1gra, ahol \u0151rizetbe v\u00e9tel\u00fck mellett gyan\u00fas\u00edtottk\u00e9nt hallgatt\u00e1k ki \u0151ket. Mindk\u00e9t tettes ellen rabl\u00e1s b\u0171ntett megalapozott gyan\u00faja miatt indult elj\u00e1r\u00e1s. A rend\u0151rs\u00e9g kezdem\u00e9nyezte letart\u00f3ztat\u00e1sukat, melyet az illet\u00e9kes b\u00edr\u00f3s\u00e1g el is rendelt.<\/p>\n<p>A Veszpr\u00e9mi Rend\u0151rkapit\u00e1nys\u00e1g a sz\u00fcks\u00e9ges elj\u00e1r\u00e1si cselekm\u00e9nyeket elv\u00e9gezte, \u00e9s az iratokat \u00e1tadta az \u00fcgy\u00e9szs\u00e9gnek.<\/p>\n","protected":false},"excerpt":{"rendered":"<p>A Veszpr\u00e9mi Rend\u0151rkapit\u00e1nys\u00e1g befejezte az \u00fcgy vizsg\u00e1lat\u00e1t. Mint ahogy arr\u00f3l\u00a0kor\u00e1bban besz\u00e1moltunk, 2023. j\u00falius 21-\u00e9n \u00e9jszaka a k\u00e9s\u0151bbi s\u00e9rtett az egyik veszpr\u00e9mi parkban, egy padon pihent, amikor odament hozz\u00e1 k\u00e9t f\u00e9rfi, lefogt\u00e1k, \u00e9s let\u00e9pt\u00e9k a nyak\u00e1b\u00f3l a l\u00e1nc\u00e1t. Ezenk\u00edv\u00fcl elvett\u00e9k t\u0151le &hellip; <a href=\"http:\/\/biztonsagosveszprem.hu\/?p=8437\">Egy kattint\u00e1s ide a folytat\u00e1shoz&#8230;. <span class=\"meta-nav\">&rarr;<\/span><\/a><\/p>\n","protected":false},"author":1,"featured_media":0,"comment_status":"closed","ping_status":"open","sticky":false,"template":"","format":"standard","meta":[],"categories":[4,3],"tags":[],"_links":{"self":[{"href":"http:\/\/biztonsagosveszprem.hu\/index.php?rest_route=\/wp\/v2\/posts\/8437"}],"collection":[{"href":"http:\/\/biztonsagosveszprem.hu\/index.php?rest_route=\/wp\/v2\/posts"}],"about":[{"href":"http:\/\/biztonsagosveszprem.hu\/index.php?rest_route=\/wp\/v2\/types\/post"}],"author":[{"embeddable":true,"href":"http:\/\/biztonsagosveszprem.hu\/index.php?rest_route=\/wp\/v2\/users\/1"}],"replies":[{"embeddable":true,"href":"http:\/\/biztonsagosveszprem.hu\/index.php?rest_route=%2Fwp%2Fv2%2Fcomments&post=8437"}],"version-history":[{"count":1,"href":"http:\/\/biztonsagosveszprem.hu\/index.php?rest_route=\/wp\/v2\/posts\/8437\/revisions"}],"predecessor-version":[{"id":8439,"href":"http:\/\/biztonsagosveszprem.hu\/index.php?rest_route=\/wp\/v2\/posts\/8437\/revisions\/8439"}],"wp:attachment":[{"href":"http:\/\/biztonsagosveszprem.hu\/index.php?rest_route=%2Fwp%2Fv2%2Fmedia&parent=8437"}],"wp:term":[{"taxonomy":"category","embeddable":true,"href":"http:\/\/biztonsagosveszprem.hu\/index.php?rest_route=%2Fwp%2Fv2%2Fcategories&post=8437"},{"taxonomy":"post_tag","embeddable":true,"href":"http:\/\/biztonsagosveszprem.hu\/index.php?rest_route=%2Fwp%2Fv2%2Ftags&post=8437"}],"curies":[{"name":"wp","href":"https:\/\/api.w.org\/{rel}","templated":true}]}}