{"id":8431,"date":"2023-11-10T10:38:00","date_gmt":"2023-11-10T08:38:00","guid":{"rendered":"http:\/\/biztonsagosveszprem.hu\/?p=8431"},"modified":"2023-11-10T10:38:00","modified_gmt":"2023-11-10T08:38:00","slug":"ittasan-hajtott-a-soromponak-es-jogositvanya-sem-volt","status":"publish","type":"post","link":"http:\/\/biztonsagosveszprem.hu\/?p=8431","title":{"rendered":"ITTASAN HAJTOTT A SOROMP\u00d3NAK, \u00c9S JOGOS\u00cdTV\u00c1NYA SEM VOLT"},"content":{"rendered":"<p><strong>A veszpr\u00e9mi egyenruh\u00e1sok el\u0151\u00e1ll\u00edtott\u00e1k a 63 \u00e9ves balatonf\u0171zf\u0151i f\u00e9rfit.<\/strong><\/p>\n<p><a href=\"http:\/\/biztonsagosveszprem.hu\/wp-content\/uploads\/2023\/11\/rendor1.jpg\"><img loading=\"lazy\" class=\"aligncenter size-full wp-image-8432\" src=\"http:\/\/biztonsagosveszprem.hu\/wp-content\/uploads\/2023\/11\/rendor1.jpg\" alt=\"\" width=\"751\" height=\"500\" srcset=\"http:\/\/biztonsagosveszprem.hu\/wp-content\/uploads\/2023\/11\/rendor1.jpg 751w, http:\/\/biztonsagosveszprem.hu\/wp-content\/uploads\/2023\/11\/rendor1-300x200.jpg 300w\" sizes=\"(max-width: 751px) 100vw, 751px\" \/><\/a><\/p>\n<p>Bejelent\u00e9s \u00e9rkezett 2023. november 8-\u00e1n k\u00e9s\u0151 d\u00e9lut\u00e1n a rend\u0151rs\u00e9gre arr\u00f3l, hogy egy aut\u00f3s let\u00f6rte az egyik veszpr\u00e9mi eg\u00e9szs\u00e9g\u00fcgyi int\u00e9zm\u00e9ny soromp\u00f3j\u00e1t.<\/p>\n<p>A j\u00e1r\u0151r\u00f6k a sof\u0151rrel szemben alkoholszond\u00e1s vizsg\u00e1latot v\u00e9geztek, mely pozit\u00edv eredm\u00e9nnyel z\u00e1rult. A 63 \u00e9ves balatonf\u0171zf\u0151i lakost az egyenruh\u00e1sok tov\u00e1bbi mintav\u00e9telre \u00e1ll\u00edtott\u00e1k el\u0151, \u00e9s ittas j\u00e1rm\u0171vezet\u00e9s gyan\u00faja miatt b\u00fcntet\u0151elj\u00e1r\u00e1st ind\u00edtottak ellene.<\/p>\n<p>A rend\u0151r\u00f6k az int\u00e9zked\u00e9s sor\u00e1n meg\u00e1llap\u00edtott\u00e1k azt is, hogy a f\u00e9rfi nem rendelkezik \u00e9rv\u00e9nyes jogos\u00edtv\u00e1nnyal, ez\u00e9rt enged\u00e9ly n\u00e9lk\u00fcli vezet\u00e9s miatt szab\u00e1lys\u00e9rt\u00e9si elj\u00e1r\u00e1st is kezdem\u00e9nyeztek vele szemben.<\/p>\n","protected":false},"excerpt":{"rendered":"<p>A veszpr\u00e9mi egyenruh\u00e1sok el\u0151\u00e1ll\u00edtott\u00e1k a 63 \u00e9ves balatonf\u0171zf\u0151i f\u00e9rfit. Bejelent\u00e9s \u00e9rkezett 2023. november 8-\u00e1n k\u00e9s\u0151 d\u00e9lut\u00e1n a rend\u0151rs\u00e9gre arr\u00f3l, hogy egy aut\u00f3s let\u00f6rte az egyik veszpr\u00e9mi eg\u00e9szs\u00e9g\u00fcgyi int\u00e9zm\u00e9ny soromp\u00f3j\u00e1t. A j\u00e1r\u0151r\u00f6k a sof\u0151rrel szemben alkoholszond\u00e1s vizsg\u00e1latot v\u00e9geztek, mely pozit\u00edv eredm\u00e9nnyel &hellip; <a href=\"http:\/\/biztonsagosveszprem.hu\/?p=8431\">Egy kattint\u00e1s ide a folytat\u00e1shoz&#8230;. <span class=\"meta-nav\">&rarr;<\/span><\/a><\/p>\n","protected":false},"author":1,"featured_media":0,"comment_status":"closed","ping_status":"open","sticky":false,"template":"","format":"standard","meta":[],"categories":[1],"tags":[],"_links":{"self":[{"href":"http:\/\/biztonsagosveszprem.hu\/index.php?rest_route=\/wp\/v2\/posts\/8431"}],"collection":[{"href":"http:\/\/biztonsagosveszprem.hu\/index.php?rest_route=\/wp\/v2\/posts"}],"about":[{"href":"http:\/\/biztonsagosveszprem.hu\/index.php?rest_route=\/wp\/v2\/types\/post"}],"author":[{"embeddable":true,"href":"http:\/\/biztonsagosveszprem.hu\/index.php?rest_route=\/wp\/v2\/users\/1"}],"replies":[{"embeddable":true,"href":"http:\/\/biztonsagosveszprem.hu\/index.php?rest_route=%2Fwp%2Fv2%2Fcomments&post=8431"}],"version-history":[{"count":1,"href":"http:\/\/biztonsagosveszprem.hu\/index.php?rest_route=\/wp\/v2\/posts\/8431\/revisions"}],"predecessor-version":[{"id":8433,"href":"http:\/\/biztonsagosveszprem.hu\/index.php?rest_route=\/wp\/v2\/posts\/8431\/revisions\/8433"}],"wp:attachment":[{"href":"http:\/\/biztonsagosveszprem.hu\/index.php?rest_route=%2Fwp%2Fv2%2Fmedia&parent=8431"}],"wp:term":[{"taxonomy":"category","embeddable":true,"href":"http:\/\/biztonsagosveszprem.hu\/index.php?rest_route=%2Fwp%2Fv2%2Fcategories&post=8431"},{"taxonomy":"post_tag","embeddable":true,"href":"http:\/\/biztonsagosveszprem.hu\/index.php?rest_route=%2Fwp%2Fv2%2Ftags&post=8431"}],"curies":[{"name":"wp","href":"https:\/\/api.w.org\/{rel}","templated":true}]}}