{"id":8428,"date":"2023-11-10T10:36:07","date_gmt":"2023-11-10T08:36:07","guid":{"rendered":"http:\/\/biztonsagosveszprem.hu\/?p=8428"},"modified":"2023-11-10T10:36:07","modified_gmt":"2023-11-10T08:36:07","slug":"allatvedelemrol-az-ovodaban-2","status":"publish","type":"post","link":"http:\/\/biztonsagosveszprem.hu\/?p=8428","title":{"rendered":"\u00c1LLATV\u00c9DELEMR\u0150L AZ \u00d3VOD\u00c1BAN"},"content":{"rendered":"<div class=\"lead-text\">\n<p><strong>A veszpr\u00e9mi rend\u0151r\u00f6k a kis\u00e1llatok biztons\u00e1gos sz\u00e1ll\u00edt\u00e1s\u00e1r\u00f3l is besz\u00e9lgettek a gyerekekkel.<\/strong><\/p>\n<\/div>\n<p><a href=\"http:\/\/biztonsagosveszprem.hu\/wp-content\/uploads\/2023\/11\/ringato-2023.11.08..jpg\"><img loading=\"lazy\" class=\"aligncenter size-full wp-image-8429\" src=\"http:\/\/biztonsagosveszprem.hu\/wp-content\/uploads\/2023\/11\/ringato-2023.11.08..jpg\" alt=\"\" width=\"751\" height=\"500\" srcset=\"http:\/\/biztonsagosveszprem.hu\/wp-content\/uploads\/2023\/11\/ringato-2023.11.08..jpg 751w, http:\/\/biztonsagosveszprem.hu\/wp-content\/uploads\/2023\/11\/ringato-2023.11.08.-300x200.jpg 300w\" sizes=\"(max-width: 751px) 100vw, 751px\" \/><\/a><\/p>\n<p>A Veszpr\u00e9mi Rend\u0151rkapit\u00e1nys\u00e1g munkat\u00e1rsai 2023. november 8-\u00e1n az egyik helyi \u00f3vod\u00e1ba l\u00e1togattak el, \u00e9s \u00e1llatv\u00e9delmi foglalkoz\u00e1st tartottak a kicsiknek. A rend\u0151r\u00f6k a gyerekek \u00e9letkor\u00e1nak megfelel\u0151 form\u00e1ban magyar\u00e1zt\u00e1k el, hogy mely magatart\u00e1sok min\u0151s\u00fclnek \u00e1llatk\u00ednz\u00e1snak, \u00e9s mit lehet tenni, ha ilyen esettel tal\u00e1lkoznak.<\/p>\n<p>Sz\u00f3 esett arr\u00f3l is, hogyan kell kedvenceikkel szab\u00e1lyosan k\u00f6zlekedni, mire kell \u00e9s \u00e9rdemes odafigyelni p\u00e9ld\u00e1ul s\u00e9t\u00e1ltat\u00e1s vagy \u00e9ppen a k\u00f6z\u00f6ss\u00e9gi k\u00f6zleked\u00e9s j\u00e1ratain t\u00f6rt\u00e9n\u0151 k\u00f6zleked\u00e9s k\u00f6zben. \u00c1tbesz\u00e9lt\u00e9k tov\u00e1bb\u00e1, hogy kis\u00e1llatsz\u00e1ll\u00edt\u00e1skor milyen vesz\u00e9lyek leselkedhetnek a kutyusokra \u00e9s a cic\u00e1kra, \u00e9s milyen eszk\u00f6z\u00f6kkel n\u00f6velhet\u0151 a biztons\u00e1guk.<\/p>\n<p>A foglalkoz\u00e1s v\u00e9g\u00e9n az \u00f3vod\u00e1sok saj\u00e1t ujjlenyomatukkal ell\u00e1tott \u201egazdiigazolv\u00e1nyt\u201d kaptak.<\/p>\n","protected":false},"excerpt":{"rendered":"<p>A veszpr\u00e9mi rend\u0151r\u00f6k a kis\u00e1llatok biztons\u00e1gos sz\u00e1ll\u00edt\u00e1s\u00e1r\u00f3l is besz\u00e9lgettek a gyerekekkel. A Veszpr\u00e9mi Rend\u0151rkapit\u00e1nys\u00e1g munkat\u00e1rsai 2023. november 8-\u00e1n az egyik helyi \u00f3vod\u00e1ba l\u00e1togattak el, \u00e9s \u00e1llatv\u00e9delmi foglalkoz\u00e1st tartottak a kicsiknek. A rend\u0151r\u00f6k a gyerekek \u00e9letkor\u00e1nak megfelel\u0151 form\u00e1ban magyar\u00e1zt\u00e1k el, hogy &hellip; <a href=\"http:\/\/biztonsagosveszprem.hu\/?p=8428\">Egy kattint\u00e1s ide a folytat\u00e1shoz&#8230;. <span class=\"meta-nav\">&rarr;<\/span><\/a><\/p>\n","protected":false},"author":1,"featured_media":0,"comment_status":"closed","ping_status":"open","sticky":false,"template":"","format":"standard","meta":[],"categories":[4,3],"tags":[],"_links":{"self":[{"href":"http:\/\/biztonsagosveszprem.hu\/index.php?rest_route=\/wp\/v2\/posts\/8428"}],"collection":[{"href":"http:\/\/biztonsagosveszprem.hu\/index.php?rest_route=\/wp\/v2\/posts"}],"about":[{"href":"http:\/\/biztonsagosveszprem.hu\/index.php?rest_route=\/wp\/v2\/types\/post"}],"author":[{"embeddable":true,"href":"http:\/\/biztonsagosveszprem.hu\/index.php?rest_route=\/wp\/v2\/users\/1"}],"replies":[{"embeddable":true,"href":"http:\/\/biztonsagosveszprem.hu\/index.php?rest_route=%2Fwp%2Fv2%2Fcomments&post=8428"}],"version-history":[{"count":1,"href":"http:\/\/biztonsagosveszprem.hu\/index.php?rest_route=\/wp\/v2\/posts\/8428\/revisions"}],"predecessor-version":[{"id":8430,"href":"http:\/\/biztonsagosveszprem.hu\/index.php?rest_route=\/wp\/v2\/posts\/8428\/revisions\/8430"}],"wp:attachment":[{"href":"http:\/\/biztonsagosveszprem.hu\/index.php?rest_route=%2Fwp%2Fv2%2Fmedia&parent=8428"}],"wp:term":[{"taxonomy":"category","embeddable":true,"href":"http:\/\/biztonsagosveszprem.hu\/index.php?rest_route=%2Fwp%2Fv2%2Fcategories&post=8428"},{"taxonomy":"post_tag","embeddable":true,"href":"http:\/\/biztonsagosveszprem.hu\/index.php?rest_route=%2Fwp%2Fv2%2Ftags&post=8428"}],"curies":[{"name":"wp","href":"https:\/\/api.w.org\/{rel}","templated":true}]}}