{"id":8425,"date":"2023-11-10T10:34:19","date_gmt":"2023-11-10T08:34:19","guid":{"rendered":"http:\/\/biztonsagosveszprem.hu\/?p=8425"},"modified":"2023-11-10T10:34:19","modified_gmt":"2023-11-10T08:34:19","slug":"csonttores-lett-a-veszekedes-vege","status":"publish","type":"post","link":"http:\/\/biztonsagosveszprem.hu\/?p=8425","title":{"rendered":"CSONTT\u00d6R\u00c9S LETT A VESZEKED\u00c9S V\u00c9GE"},"content":{"rendered":"<p><strong>A Veszpr\u00e9mi Rend\u0151rkapit\u00e1nys\u00e1g munkat\u00e1rsai gyan\u00fas\u00edtottk\u00e9nt hallgattak ki egy 50 \u00e9ves helyi f\u00e9rfit.<\/strong><\/p>\n<p><a href=\"http:\/\/biztonsagosveszprem.hu\/wp-content\/uploads\/2023\/11\/60145_rendorseg_600x400_large_normal.jpg\"><img loading=\"lazy\" class=\"aligncenter size-full wp-image-8426\" src=\"http:\/\/biztonsagosveszprem.hu\/wp-content\/uploads\/2023\/11\/60145_rendorseg_600x400_large_normal.jpg\" alt=\"\" width=\"751\" height=\"500\" srcset=\"http:\/\/biztonsagosveszprem.hu\/wp-content\/uploads\/2023\/11\/60145_rendorseg_600x400_large_normal.jpg 751w, http:\/\/biztonsagosveszprem.hu\/wp-content\/uploads\/2023\/11\/60145_rendorseg_600x400_large_normal-300x200.jpg 300w\" sizes=\"(max-width: 751px) 100vw, 751px\" \/><\/a><\/p>\n<p>Az egyik veszpr\u00e9mi k\u00f6z\u00f6ss\u00e9gi helyhez riasztott\u00e1k a j\u00e1r\u0151r\u00f6ket 2023. november 7-\u00e9n d\u00e9lut\u00e1n. Az \u00e9p\u00fcletben k\u00e9t f\u00e9rfi \u00f6sszesz\u00f3lalkozott, majd az egyik\u00fck \u00f6k\u00f6llel t\u00f6bbsz\u00f6r meg\u00fct\u00f6tte a m\u00e1sikat. A s\u00e9rtett ennek k\u00f6vetkezt\u00e9ben s\u00falyos s\u00e9r\u00fcl\u00e9st, csontt\u00f6r\u00e9st szenvedett. A b\u00e1ntalmaz\u00f3, 50 \u00e9ves helyi lakost az egyenruh\u00e1sok a helysz\u00ednen elfogt\u00e1k, majd el\u0151\u00e1ll\u00edtott\u00e1k, \u00e9s a nyomoz\u00f3k s\u00falyos testi s\u00e9rt\u00e9s b\u0171ntett megalapozott gyan\u00faja miatt hallgatt\u00e1k ki.<\/p>\n","protected":false},"excerpt":{"rendered":"<p>A Veszpr\u00e9mi Rend\u0151rkapit\u00e1nys\u00e1g munkat\u00e1rsai gyan\u00fas\u00edtottk\u00e9nt hallgattak ki egy 50 \u00e9ves helyi f\u00e9rfit. Az egyik veszpr\u00e9mi k\u00f6z\u00f6ss\u00e9gi helyhez riasztott\u00e1k a j\u00e1r\u0151r\u00f6ket 2023. november 7-\u00e9n d\u00e9lut\u00e1n. Az \u00e9p\u00fcletben k\u00e9t f\u00e9rfi \u00f6sszesz\u00f3lalkozott, majd az egyik\u00fck \u00f6k\u00f6llel t\u00f6bbsz\u00f6r meg\u00fct\u00f6tte a m\u00e1sikat. A s\u00e9rtett ennek &hellip; <a href=\"http:\/\/biztonsagosveszprem.hu\/?p=8425\">Egy kattint\u00e1s ide a folytat\u00e1shoz&#8230;. <span class=\"meta-nav\">&rarr;<\/span><\/a><\/p>\n","protected":false},"author":1,"featured_media":0,"comment_status":"closed","ping_status":"open","sticky":false,"template":"","format":"standard","meta":[],"categories":[4,3],"tags":[],"_links":{"self":[{"href":"http:\/\/biztonsagosveszprem.hu\/index.php?rest_route=\/wp\/v2\/posts\/8425"}],"collection":[{"href":"http:\/\/biztonsagosveszprem.hu\/index.php?rest_route=\/wp\/v2\/posts"}],"about":[{"href":"http:\/\/biztonsagosveszprem.hu\/index.php?rest_route=\/wp\/v2\/types\/post"}],"author":[{"embeddable":true,"href":"http:\/\/biztonsagosveszprem.hu\/index.php?rest_route=\/wp\/v2\/users\/1"}],"replies":[{"embeddable":true,"href":"http:\/\/biztonsagosveszprem.hu\/index.php?rest_route=%2Fwp%2Fv2%2Fcomments&post=8425"}],"version-history":[{"count":1,"href":"http:\/\/biztonsagosveszprem.hu\/index.php?rest_route=\/wp\/v2\/posts\/8425\/revisions"}],"predecessor-version":[{"id":8427,"href":"http:\/\/biztonsagosveszprem.hu\/index.php?rest_route=\/wp\/v2\/posts\/8425\/revisions\/8427"}],"wp:attachment":[{"href":"http:\/\/biztonsagosveszprem.hu\/index.php?rest_route=%2Fwp%2Fv2%2Fmedia&parent=8425"}],"wp:term":[{"taxonomy":"category","embeddable":true,"href":"http:\/\/biztonsagosveszprem.hu\/index.php?rest_route=%2Fwp%2Fv2%2Fcategories&post=8425"},{"taxonomy":"post_tag","embeddable":true,"href":"http:\/\/biztonsagosveszprem.hu\/index.php?rest_route=%2Fwp%2Fv2%2Ftags&post=8425"}],"curies":[{"name":"wp","href":"https:\/\/api.w.org\/{rel}","templated":true}]}}