{"id":8422,"date":"2023-11-08T10:29:59","date_gmt":"2023-11-08T08:29:59","guid":{"rendered":"http:\/\/biztonsagosveszprem.hu\/?p=8422"},"modified":"2023-11-08T10:29:59","modified_gmt":"2023-11-08T08:29:59","slug":"meg-mindig-keressuk-a-betoresekkel-gyanusithato-revesz-balazst","status":"publish","type":"post","link":"http:\/\/biztonsagosveszprem.hu\/?p=8422","title":{"rendered":"M\u00e9g mindig keress\u00fck a bet\u00f6r\u00e9sekkel gyan\u00fas\u00edthat\u00f3 R\u00e9v\u00e9sz Bal\u00e1zst!"},"content":{"rendered":"<p>Mint ahogy arr\u00f3l kor\u00e1bban besz\u00e1moltunk, a Veszpr\u00e9mi Rend\u0151rkapit\u00e1nys\u00e1g elfogat\u00f3parancsot bocs\u00e1tott ki lop\u00e1s k\u00eds\u00e9rlet \u00e9s m\u00e1s b\u0171ncselekm\u00e9nyek elk\u00f6vet\u00e9s\u00e9nek gyan\u00faja miatt a 60 \u00e9ves kazincbarcikai lakossal szemben.<\/p>\n<p>A f\u00e9rfi 2023. szeptember 30-\u00e1n 19 \u00f3ra \u00e9s 2023. okt\u00f3ber 1-j\u00e9n 10 \u00f3ra 30 perc k\u00f6z\u00f6tt bet\u00f6rt egy gyulafir\u00e1t\u00f3ti kont\u00e9nerh\u00e1zba, ahol f\u0171kasz\u00e1k \u00e9s egy\u00e9b \u00e9rt\u00e9kek voltak. Az \u00e9p\u00fcletben megpihent, majd tov\u00e1bb\u00e1llt. A tettes t\u00f6bb hasonl\u00f3 jelleg\u0171 b\u0171ncselekm\u00e9ny elk\u00f6vet\u00e9s\u00e9vel is kapcsolatba hozhat\u00f3.<\/p>\n<p>Tov\u00e1bbra is k\u00e9rj\u00fck, hogy aki R\u00e9v\u00e9sz Bal\u00e1zs holl\u00e9t\u00e9vel, tart\u00f3zkod\u00e1si hely\u00e9vel kapcsolatban inform\u00e1ci\u00f3val rendelkezik, \u00e9rtes\u00edtse a Veszpr\u00e9mi Rend\u0151rkapit\u00e1nys\u00e1g B\u0171n\u00fcgyi Oszt\u00e1ly\u00e1t (Veszpr\u00e9m, Bajcsy-Zsilinszky u. 2.) szem\u00e9lyesen, vagy telefonon a 06-88-428-022-es sz\u00e1mon, illetve n\u00e9vtelens\u00e9ge meg\u0151rz\u00e9se mellett bejelent\u00e9st tehet a 112-es k\u00f6zponti seg\u00e9lyh\u00edv\u00f3 telefonsz\u00e1mon, valamint az ingyenesen h\u00edvhat\u00f3 06-80-555-111-es \u201eTelefontan\u00fa&#8221; z\u00f6ld sz\u00e1m\u00e1n.<\/p>\n<p><a href=\"http:\/\/biztonsagosveszprem.hu\/wp-content\/uploads\/2023\/11\/Revesz-Balazs.jpg\"><img loading=\"lazy\" class=\"aligncenter size-full wp-image-8423\" src=\"http:\/\/biztonsagosveszprem.hu\/wp-content\/uploads\/2023\/11\/Revesz-Balazs.jpg\" alt=\"\" width=\"1170\" height=\"1325\" srcset=\"http:\/\/biztonsagosveszprem.hu\/wp-content\/uploads\/2023\/11\/Revesz-Balazs.jpg 1170w, http:\/\/biztonsagosveszprem.hu\/wp-content\/uploads\/2023\/11\/Revesz-Balazs-265x300.jpg 265w, http:\/\/biztonsagosveszprem.hu\/wp-content\/uploads\/2023\/11\/Revesz-Balazs-904x1024.jpg 904w, http:\/\/biztonsagosveszprem.hu\/wp-content\/uploads\/2023\/11\/Revesz-Balazs-768x870.jpg 768w\" sizes=\"(max-width: 1170px) 100vw, 1170px\" \/><\/a><\/p>\n<p>&nbsp;<\/p>\n","protected":false},"excerpt":{"rendered":"<p>Mint ahogy arr\u00f3l kor\u00e1bban besz\u00e1moltunk, a Veszpr\u00e9mi Rend\u0151rkapit\u00e1nys\u00e1g elfogat\u00f3parancsot bocs\u00e1tott ki lop\u00e1s k\u00eds\u00e9rlet \u00e9s m\u00e1s b\u0171ncselekm\u00e9nyek elk\u00f6vet\u00e9s\u00e9nek gyan\u00faja miatt a 60 \u00e9ves kazincbarcikai lakossal szemben. A f\u00e9rfi 2023. szeptember 30-\u00e1n 19 \u00f3ra \u00e9s 2023. okt\u00f3ber 1-j\u00e9n 10 \u00f3ra 30 perc &hellip; <a href=\"http:\/\/biztonsagosveszprem.hu\/?p=8422\">Egy kattint\u00e1s ide a folytat\u00e1shoz&#8230;. <span class=\"meta-nav\">&rarr;<\/span><\/a><\/p>\n","protected":false},"author":1,"featured_media":0,"comment_status":"closed","ping_status":"open","sticky":false,"template":"","format":"standard","meta":[],"categories":[4,5,3],"tags":[],"_links":{"self":[{"href":"http:\/\/biztonsagosveszprem.hu\/index.php?rest_route=\/wp\/v2\/posts\/8422"}],"collection":[{"href":"http:\/\/biztonsagosveszprem.hu\/index.php?rest_route=\/wp\/v2\/posts"}],"about":[{"href":"http:\/\/biztonsagosveszprem.hu\/index.php?rest_route=\/wp\/v2\/types\/post"}],"author":[{"embeddable":true,"href":"http:\/\/biztonsagosveszprem.hu\/index.php?rest_route=\/wp\/v2\/users\/1"}],"replies":[{"embeddable":true,"href":"http:\/\/biztonsagosveszprem.hu\/index.php?rest_route=%2Fwp%2Fv2%2Fcomments&post=8422"}],"version-history":[{"count":1,"href":"http:\/\/biztonsagosveszprem.hu\/index.php?rest_route=\/wp\/v2\/posts\/8422\/revisions"}],"predecessor-version":[{"id":8424,"href":"http:\/\/biztonsagosveszprem.hu\/index.php?rest_route=\/wp\/v2\/posts\/8422\/revisions\/8424"}],"wp:attachment":[{"href":"http:\/\/biztonsagosveszprem.hu\/index.php?rest_route=%2Fwp%2Fv2%2Fmedia&parent=8422"}],"wp:term":[{"taxonomy":"category","embeddable":true,"href":"http:\/\/biztonsagosveszprem.hu\/index.php?rest_route=%2Fwp%2Fv2%2Fcategories&post=8422"},{"taxonomy":"post_tag","embeddable":true,"href":"http:\/\/biztonsagosveszprem.hu\/index.php?rest_route=%2Fwp%2Fv2%2Ftags&post=8422"}],"curies":[{"name":"wp","href":"https:\/\/api.w.org\/{rel}","templated":true}]}}