{"id":8417,"date":"2023-11-03T11:55:07","date_gmt":"2023-11-03T09:55:07","guid":{"rendered":"http:\/\/biztonsagosveszprem.hu\/?p=8417"},"modified":"2023-11-03T11:55:07","modified_gmt":"2023-11-03T09:55:07","slug":"ismerose-hajat-tepte-es-az-uveget-is-betorte","status":"publish","type":"post","link":"http:\/\/biztonsagosveszprem.hu\/?p=8417","title":{"rendered":"ISMER\u0150SE HAJ\u00c1T T\u00c9PTE \u00c9S AZ \u00dcVEGET IS BET\u00d6RTE"},"content":{"rendered":"<p><strong>A Veszpr\u00e9mi Rend\u0151rkapit\u00e1nys\u00e1g munkat\u00e1rsai gyan\u00fas\u00edtottk\u00e9nt kihallgattak egy 24 \u00e9ves Szabolcs-Szatm\u00e1r-Bereg v\u00e1rmegyei n\u0151t.<\/strong><\/p>\n<p><a href=\"http:\/\/biztonsagosveszprem.hu\/wp-content\/uploads\/2023\/11\/logo24_20.jpg\"><img loading=\"lazy\" class=\"aligncenter size-full wp-image-8418\" src=\"http:\/\/biztonsagosveszprem.hu\/wp-content\/uploads\/2023\/11\/logo24_20.jpg\" alt=\"\" width=\"751\" height=\"500\" srcset=\"http:\/\/biztonsagosveszprem.hu\/wp-content\/uploads\/2023\/11\/logo24_20.jpg 751w, http:\/\/biztonsagosveszprem.hu\/wp-content\/uploads\/2023\/11\/logo24_20-300x200.jpg 300w\" sizes=\"(max-width: 751px) 100vw, 751px\" \/><\/a><\/p>\n<p>Gar\u00e1zdas\u00e1g v\u00e9ts\u00e9g megalapozott gyan\u00faja miatt folytat elj\u00e1r\u00e1st a Veszpr\u00e9mi Rend\u0151rkapit\u00e1nys\u00e1g egy Szabolcs-Szatm\u00e1r-Bereg v\u00e1rmegyei kistelep\u00fcl\u00e9sen \u00e9l\u0151 n\u0151vel szemben. Az elk\u00f6vet\u0151 2023. november 2-\u00e1n vend\u00e9gs\u00e9gbe ment veszpr\u00e9mi ismer\u0151seihez, majd \u00f6sszesz\u00f3lalkozott vel\u00fck. Kitess\u00e9kelt\u00e9k a lak\u00e1sb\u00f3l, mire a n\u0151 megpr\u00f3b\u00e1lt vereked\u00e9st provok\u00e1lni, dulakod\u00e1st kezdem\u00e9nyezett a s\u00e9rtettel, akinek a haj\u00e1t t\u00f6bbsz\u00f6r megh\u00fazta. Ezut\u00e1n a t\u00e1rsash\u00e1z el\u0151tt torka szakadt\u00e1b\u00f3l szitkoz\u00f3dott, majd bet\u00f6rte a l\u00e9pcs\u0151h\u00e1z bej\u00e1rati ajtaj\u00e1nak ablak\u00fcveg\u00e9t.<\/p>\n<p>A rend\u0151r\u00f6k a helysz\u00ednen elfogt\u00e1k a tettest, majd el\u0151\u00e1ll\u00edtott\u00e1k a helyi rend\u0151rkapit\u00e1nys\u00e1gra, ahol a nyomoz\u00f3k gyan\u00fas\u00edtottk\u00e9nt kihallgatt\u00e1k.<\/p>\n","protected":false},"excerpt":{"rendered":"<p>A Veszpr\u00e9mi Rend\u0151rkapit\u00e1nys\u00e1g munkat\u00e1rsai gyan\u00fas\u00edtottk\u00e9nt kihallgattak egy 24 \u00e9ves Szabolcs-Szatm\u00e1r-Bereg v\u00e1rmegyei n\u0151t. Gar\u00e1zdas\u00e1g v\u00e9ts\u00e9g megalapozott gyan\u00faja miatt folytat elj\u00e1r\u00e1st a Veszpr\u00e9mi Rend\u0151rkapit\u00e1nys\u00e1g egy Szabolcs-Szatm\u00e1r-Bereg v\u00e1rmegyei kistelep\u00fcl\u00e9sen \u00e9l\u0151 n\u0151vel szemben. Az elk\u00f6vet\u0151 2023. november 2-\u00e1n vend\u00e9gs\u00e9gbe ment veszpr\u00e9mi ismer\u0151seihez, majd \u00f6sszesz\u00f3lalkozott &hellip; <a href=\"http:\/\/biztonsagosveszprem.hu\/?p=8417\">Egy kattint\u00e1s ide a folytat\u00e1shoz&#8230;. <span class=\"meta-nav\">&rarr;<\/span><\/a><\/p>\n","protected":false},"author":1,"featured_media":0,"comment_status":"closed","ping_status":"open","sticky":false,"template":"","format":"standard","meta":[],"categories":[4,3],"tags":[],"_links":{"self":[{"href":"http:\/\/biztonsagosveszprem.hu\/index.php?rest_route=\/wp\/v2\/posts\/8417"}],"collection":[{"href":"http:\/\/biztonsagosveszprem.hu\/index.php?rest_route=\/wp\/v2\/posts"}],"about":[{"href":"http:\/\/biztonsagosveszprem.hu\/index.php?rest_route=\/wp\/v2\/types\/post"}],"author":[{"embeddable":true,"href":"http:\/\/biztonsagosveszprem.hu\/index.php?rest_route=\/wp\/v2\/users\/1"}],"replies":[{"embeddable":true,"href":"http:\/\/biztonsagosveszprem.hu\/index.php?rest_route=%2Fwp%2Fv2%2Fcomments&post=8417"}],"version-history":[{"count":1,"href":"http:\/\/biztonsagosveszprem.hu\/index.php?rest_route=\/wp\/v2\/posts\/8417\/revisions"}],"predecessor-version":[{"id":8419,"href":"http:\/\/biztonsagosveszprem.hu\/index.php?rest_route=\/wp\/v2\/posts\/8417\/revisions\/8419"}],"wp:attachment":[{"href":"http:\/\/biztonsagosveszprem.hu\/index.php?rest_route=%2Fwp%2Fv2%2Fmedia&parent=8417"}],"wp:term":[{"taxonomy":"category","embeddable":true,"href":"http:\/\/biztonsagosveszprem.hu\/index.php?rest_route=%2Fwp%2Fv2%2Fcategories&post=8417"},{"taxonomy":"post_tag","embeddable":true,"href":"http:\/\/biztonsagosveszprem.hu\/index.php?rest_route=%2Fwp%2Fv2%2Ftags&post=8417"}],"curies":[{"name":"wp","href":"https:\/\/api.w.org\/{rel}","templated":true}]}}