{"id":8018,"date":"2023-03-07T12:32:07","date_gmt":"2023-03-07T10:32:07","guid":{"rendered":"http:\/\/biztonsagosveszprem.hu\/?p=8018"},"modified":"2023-03-07T12:32:07","modified_gmt":"2023-03-07T10:32:07","slug":"toborzas-a-veszpremi-munkaugyi-kozpontban","status":"publish","type":"post","link":"http:\/\/biztonsagosveszprem.hu\/?p=8018","title":{"rendered":"TOBORZ\u00c1S A VESZPR\u00c9MI MUNKA\u00dcGYI K\u00d6ZPONTBAN"},"content":{"rendered":"<p><strong>Az egyenruh\u00e1sok t\u00e1j\u00e9koztatt\u00e1k a rend\u0151rr\u00e9 v\u00e1l\u00e1s felt\u00e9teleir\u0151l is az \u00e9rdekl\u0151d\u0151ket.<\/strong><\/p>\n<p><a href=\"http:\/\/biztonsagosveszprem.hu\/wp-content\/uploads\/2023\/03\/tobvp2.jpg\"><img loading=\"lazy\" class=\"aligncenter size-full wp-image-8019\" src=\"http:\/\/biztonsagosveszprem.hu\/wp-content\/uploads\/2023\/03\/tobvp2.jpg\" alt=\"\" width=\"751\" height=\"500\" srcset=\"http:\/\/biztonsagosveszprem.hu\/wp-content\/uploads\/2023\/03\/tobvp2.jpg 751w, http:\/\/biztonsagosveszprem.hu\/wp-content\/uploads\/2023\/03\/tobvp2-300x200.jpg 300w\" sizes=\"(max-width: 751px) 100vw, 751px\" \/><\/a><\/p>\n<p>A Veszpr\u00e9mi Rend\u0151rkapit\u00e1nys\u00e1g toborz\u00f3 csoportj\u00e1nak vezet\u0151je, Sz\u0171cs Erika rend\u0151r alezredes\u00a0a szerz\u0151d\u00e9ses hat\u00e1rvad\u00e1sz k\u00e9pz\u00e9sr\u0151l valamint a 10 h\u00f3napos rend\u0151rj\u00e1r\u0151r k\u00e9pz\u00e9sr\u0151l adott t\u00e1j\u00e9koztat\u00e1st az \u00e1ll\u00e1skeres\u0151knek 2023. m\u00e1rcius 7-\u00e9n d\u00e9lel\u0151tt a Veszpr\u00e9mi\u00a0J\u00e1r\u00e1si Hivatal Foglalkoztat\u00e1si Oszt\u00e1ly\u00e1n. Az el\u0151ad\u00f3 r\u00e9szletesen besz\u00e9lt a\u00a0jelentkez\u00e9s\u00a0felt\u00e9teleir\u0151l, annak m\u00f3dj\u00e1r\u00f3l, valamint a k\u00e9pz\u00e9s alatti \u00e9s az azt k\u00f6vet\u0151 illetm\u00e9nyr\u0151l, illetve\u00a0az egy\u00e9b juttat\u00e1sokr\u00f3l. Az \u00e9rdekl\u0151d\u0151k jelentkez\u00e9si egys\u00e9gcsomagot is \u00e1tvehettek\u00a0\u00e9s\u00a0\u00fatmutat\u00f3t kaptak annak kit\u00f6lt\u00e9s\u00e9hez.<\/p>\n","protected":false},"excerpt":{"rendered":"<p>Az egyenruh\u00e1sok t\u00e1j\u00e9koztatt\u00e1k a rend\u0151rr\u00e9 v\u00e1l\u00e1s felt\u00e9teleir\u0151l is az \u00e9rdekl\u0151d\u0151ket. A Veszpr\u00e9mi Rend\u0151rkapit\u00e1nys\u00e1g toborz\u00f3 csoportj\u00e1nak vezet\u0151je, Sz\u0171cs Erika rend\u0151r alezredes\u00a0a szerz\u0151d\u00e9ses hat\u00e1rvad\u00e1sz k\u00e9pz\u00e9sr\u0151l valamint a 10 h\u00f3napos rend\u0151rj\u00e1r\u0151r k\u00e9pz\u00e9sr\u0151l adott t\u00e1j\u00e9koztat\u00e1st az \u00e1ll\u00e1skeres\u0151knek 2023. m\u00e1rcius 7-\u00e9n d\u00e9lel\u0151tt a Veszpr\u00e9mi\u00a0J\u00e1r\u00e1si Hivatal &hellip; <a href=\"http:\/\/biztonsagosveszprem.hu\/?p=8018\">Egy kattint\u00e1s ide a folytat\u00e1shoz&#8230;. <span class=\"meta-nav\">&rarr;<\/span><\/a><\/p>\n","protected":false},"author":1,"featured_media":0,"comment_status":"closed","ping_status":"open","sticky":false,"template":"","format":"standard","meta":[],"categories":[4,3],"tags":[],"_links":{"self":[{"href":"http:\/\/biztonsagosveszprem.hu\/index.php?rest_route=\/wp\/v2\/posts\/8018"}],"collection":[{"href":"http:\/\/biztonsagosveszprem.hu\/index.php?rest_route=\/wp\/v2\/posts"}],"about":[{"href":"http:\/\/biztonsagosveszprem.hu\/index.php?rest_route=\/wp\/v2\/types\/post"}],"author":[{"embeddable":true,"href":"http:\/\/biztonsagosveszprem.hu\/index.php?rest_route=\/wp\/v2\/users\/1"}],"replies":[{"embeddable":true,"href":"http:\/\/biztonsagosveszprem.hu\/index.php?rest_route=%2Fwp%2Fv2%2Fcomments&post=8018"}],"version-history":[{"count":1,"href":"http:\/\/biztonsagosveszprem.hu\/index.php?rest_route=\/wp\/v2\/posts\/8018\/revisions"}],"predecessor-version":[{"id":8020,"href":"http:\/\/biztonsagosveszprem.hu\/index.php?rest_route=\/wp\/v2\/posts\/8018\/revisions\/8020"}],"wp:attachment":[{"href":"http:\/\/biztonsagosveszprem.hu\/index.php?rest_route=%2Fwp%2Fv2%2Fmedia&parent=8018"}],"wp:term":[{"taxonomy":"category","embeddable":true,"href":"http:\/\/biztonsagosveszprem.hu\/index.php?rest_route=%2Fwp%2Fv2%2Fcategories&post=8018"},{"taxonomy":"post_tag","embeddable":true,"href":"http:\/\/biztonsagosveszprem.hu\/index.php?rest_route=%2Fwp%2Fv2%2Ftags&post=8018"}],"curies":[{"name":"wp","href":"https:\/\/api.w.org\/{rel}","templated":true}]}}