{"id":8016,"date":"2023-03-05T18:59:22","date_gmt":"2023-03-05T16:59:22","guid":{"rendered":"http:\/\/biztonsagosveszprem.hu\/?p=8016"},"modified":"2023-03-05T18:59:22","modified_gmt":"2023-03-05T16:59:22","slug":"lezart-akta-alneven-nem-letezo-videokartyat-arult-a-csalo","status":"publish","type":"post","link":"http:\/\/biztonsagosveszprem.hu\/?p=8016","title":{"rendered":"LEZ\u00c1RT AKTA: \u00c1LN\u00c9VEN NEM L\u00c9TEZ\u0150 VIDE\u00d3K\u00c1RTY\u00c1T \u00c1RULT A CSAL\u00d3"},"content":{"rendered":"<p><strong>A Veszpr\u00e9mi Rend\u0151rkapit\u00e1nys\u00e1g befejezte az \u00fcgy vizsg\u00e1lat\u00e1t.<\/strong><\/p>\n<p><a href=\"http:\/\/biztonsagosveszprem.hu\/wp-content\/uploads\/2023\/03\/logo2_22.jpg\"><img loading=\"lazy\" class=\"aligncenter size-full wp-image-8014\" src=\"http:\/\/biztonsagosveszprem.hu\/wp-content\/uploads\/2023\/03\/logo2_22.jpg\" alt=\"\" width=\"751\" height=\"500\" srcset=\"http:\/\/biztonsagosveszprem.hu\/wp-content\/uploads\/2023\/03\/logo2_22.jpg 751w, http:\/\/biztonsagosveszprem.hu\/wp-content\/uploads\/2023\/03\/logo2_22-300x200.jpg 300w\" sizes=\"(max-width: 751px) 100vw, 751px\" \/><\/a><\/p>\n<p>Csal\u00e1s miatt tett bejelent\u00e9st 2023. janu\u00e1r 2-\u00e1n a rend\u0151rs\u00e9gen egy \u00f6sk\u00fci f\u00e9rfi, mert az egyik online piact\u00e9ren el\u0151re utal\u00e1ssal megv\u00e1s\u00e1rolt vide\u00f3k\u00e1rty\u00e1t nem k\u00fcldte el neki az elad\u00f3. A hirdet\u0151 a k\u00f6zel 40.000 forint \u00e1tutal\u00e1sa ut\u00e1n el\u00e9rhetetlenn\u00e9 v\u00e1lt, a vide\u00f3k\u00e1rty\u00e1t pedig nem k\u00fcldte le. A nyomoz\u00e1s sor\u00e1n egy 19 \u00e9ves Pest v\u00e1rmegyei fiatalember ker\u00fclt a rend\u0151rs\u00e9g l\u00e1t\u00f3k\u00f6r\u00e9be, akit csal\u00e1s v\u00e9ts\u00e9g elk\u00f6vet\u00e9se miatt gyan\u00fas\u00edtottk\u00e9nt hallgattak ki a Veszpr\u00e9mi Rend\u0151rkapit\u00e1nys\u00e1gon. Az elj\u00e1r\u00e1s adatai szerint az elk\u00f6vet\u0151 az online piact\u00e9ren \u00e1ln\u00e9ven, hamis telefonsz\u00e1m megad\u00e1s\u00e1val hirdetett meg egy vide\u00f3k\u00e1rty\u00e1t, amellyel nem is rendelkezett. T\u00f6bb vev\u0151 is jelentkezett a hirdet\u00e9s\u00e9re, \u0151k viszont szem\u00e9lyes \u00e1tv\u00e9telt k\u00e9rtek. V\u00e9g\u00fcl jelentkezett egy \u00e9rdekl\u0151d\u0151, aki a gyan\u00fas\u00edtott sz\u00e1ml\u00e1j\u00e1ra el\u0151re utal\u00e1ssal \u00e9s postai kisz\u00e1ll\u00edt\u00e1ssal k\u00e9rte a vide\u00f3k\u00e1rty\u00e1t. A tettes a p\u00e9nz elutal\u00e1sa ut\u00e1n el\u00e9rhetetlenn\u00e9 v\u00e1lt, \u00e9s a hirdet\u00e9st is t\u00f6r\u00f6lte. Gyan\u00fas\u00edtottk\u00e9nt t\u00f6rt\u00e9n\u0151 kihallgat\u00e1sakor elmondta, hogy abban b\u00edzott, a s\u00e9rtett annyiban hagyja a dolgot \u00e9s nem tesz feljelent\u00e9st.<\/p>\n<p>A Veszpr\u00e9mi Rend\u0151rkapit\u00e1nys\u00e1g a nyomoz\u00e1s vizsg\u00e1lati szakasz\u00e1ban a sz\u00fcks\u00e9ges elj\u00e1r\u00e1si cselekm\u00e9nyeket elv\u00e9gezte, \u00e9s az iratokat \u00e1tadta az illet\u00e9kes \u00fcgy\u00e9szs\u00e9gnek.<\/p>\n","protected":false},"excerpt":{"rendered":"<p>A Veszpr\u00e9mi Rend\u0151rkapit\u00e1nys\u00e1g befejezte az \u00fcgy vizsg\u00e1lat\u00e1t. Csal\u00e1s miatt tett bejelent\u00e9st 2023. janu\u00e1r 2-\u00e1n a rend\u0151rs\u00e9gen egy \u00f6sk\u00fci f\u00e9rfi, mert az egyik online piact\u00e9ren el\u0151re utal\u00e1ssal megv\u00e1s\u00e1rolt vide\u00f3k\u00e1rty\u00e1t nem k\u00fcldte el neki az elad\u00f3. A hirdet\u0151 a k\u00f6zel 40.000 forint &hellip; <a href=\"http:\/\/biztonsagosveszprem.hu\/?p=8016\">Egy kattint\u00e1s ide a folytat\u00e1shoz&#8230;. <span class=\"meta-nav\">&rarr;<\/span><\/a><\/p>\n","protected":false},"author":1,"featured_media":0,"comment_status":"closed","ping_status":"open","sticky":false,"template":"","format":"standard","meta":[],"categories":[4,3],"tags":[],"_links":{"self":[{"href":"http:\/\/biztonsagosveszprem.hu\/index.php?rest_route=\/wp\/v2\/posts\/8016"}],"collection":[{"href":"http:\/\/biztonsagosveszprem.hu\/index.php?rest_route=\/wp\/v2\/posts"}],"about":[{"href":"http:\/\/biztonsagosveszprem.hu\/index.php?rest_route=\/wp\/v2\/types\/post"}],"author":[{"embeddable":true,"href":"http:\/\/biztonsagosveszprem.hu\/index.php?rest_route=\/wp\/v2\/users\/1"}],"replies":[{"embeddable":true,"href":"http:\/\/biztonsagosveszprem.hu\/index.php?rest_route=%2Fwp%2Fv2%2Fcomments&post=8016"}],"version-history":[{"count":1,"href":"http:\/\/biztonsagosveszprem.hu\/index.php?rest_route=\/wp\/v2\/posts\/8016\/revisions"}],"predecessor-version":[{"id":8017,"href":"http:\/\/biztonsagosveszprem.hu\/index.php?rest_route=\/wp\/v2\/posts\/8016\/revisions\/8017"}],"wp:attachment":[{"href":"http:\/\/biztonsagosveszprem.hu\/index.php?rest_route=%2Fwp%2Fv2%2Fmedia&parent=8016"}],"wp:term":[{"taxonomy":"category","embeddable":true,"href":"http:\/\/biztonsagosveszprem.hu\/index.php?rest_route=%2Fwp%2Fv2%2Fcategories&post=8016"},{"taxonomy":"post_tag","embeddable":true,"href":"http:\/\/biztonsagosveszprem.hu\/index.php?rest_route=%2Fwp%2Fv2%2Ftags&post=8016"}],"curies":[{"name":"wp","href":"https:\/\/api.w.org\/{rel}","templated":true}]}}