{"id":8013,"date":"2023-03-05T18:57:11","date_gmt":"2023-03-05T16:57:11","guid":{"rendered":"http:\/\/biztonsagosveszprem.hu\/?p=8013"},"modified":"2023-03-05T18:57:11","modified_gmt":"2023-03-05T16:57:11","slug":"kifosztotta-a-padon-alvo-ferfit-a-rendorok-elfogtak","status":"publish","type":"post","link":"http:\/\/biztonsagosveszprem.hu\/?p=8013","title":{"rendered":"KIFOSZTOTTA A PADON ALV\u00d3 F\u00c9RFIT, A REND\u0150R\u00d6K ELFOGT\u00c1K"},"content":{"rendered":"<p><strong>A Veszpr\u00e9mi Rend\u0151rkapit\u00e1nys\u00e1g munkat\u00e1rsai gyan\u00fas\u00edtottk\u00e9nt kihallgatt\u00e1k az 50 \u00e9ves helyi f\u00e9rfit.<\/strong><\/p>\n<p><a href=\"http:\/\/biztonsagosveszprem.hu\/wp-content\/uploads\/2023\/03\/logo2_22.jpg\"><img loading=\"lazy\" class=\"aligncenter size-full wp-image-8014\" src=\"http:\/\/biztonsagosveszprem.hu\/wp-content\/uploads\/2023\/03\/logo2_22.jpg\" alt=\"\" width=\"751\" height=\"500\" srcset=\"http:\/\/biztonsagosveszprem.hu\/wp-content\/uploads\/2023\/03\/logo2_22.jpg 751w, http:\/\/biztonsagosveszprem.hu\/wp-content\/uploads\/2023\/03\/logo2_22-300x200.jpg 300w\" sizes=\"(max-width: 751px) 100vw, 751px\" \/><\/a><\/p>\n<p>Sz\u00e1zezer forint k\u00e9szp\u00e9nz ellop\u00e1s\u00e1t jelentette be a 112-es szeg\u00e9lyh\u00edv\u00f3 sz\u00e1mon egy f\u00e9rfi 2023. m\u00e1rcius 2-\u00e1n 13 \u00f3ra 15 perckor. A helysz\u00ednre \u00e9rkez\u0151 j\u00e1r\u0151r\u00f6knek a bejelent\u0151 elmondta, hogy aznap vette \u00e1t a post\u00e1st\u00f3l a nyugd\u00edj\u00e1t, amit a derek\u00e1ra csatolt \u00f6vt\u00e1sk\u00e1j\u00e1ba tett. A d\u00e9lel\u0151tt folyam\u00e1n egy padon \u00fcld\u00f6g\u00e9lt \u00e9s elaludt, azonban amikor fel\u00e9bredt, elt\u0171nt a p\u00e9nz az \u00f6vt\u00e1sk\u00e1b\u00f3l. A helysz\u00ednen folytatott adatgy\u0171jt\u00e9st k\u00f6vet\u0151en a rend\u0151r\u00f6k azonos\u00edtott\u00e1k a kifoszt\u00e1ssal gyan\u00fas\u00edthat\u00f3 szem\u00e9lyt, akit\u0151l k\u00e9szp\u00e9nzt \u00e9s egy frissen v\u00e1s\u00e1rolt telefont foglaltak le. Az egyenruh\u00e1sok az 50 \u00e9ves helyi f\u00e9rfit elfogt\u00e1k, majd el\u0151\u00e1ll\u00edtott\u00e1k a Veszpr\u00e9mi Rend\u0151rkapit\u00e1nys\u00e1gra, \u00e9s \u0151rizetbe v\u00e9tele mellett gyan\u00fas\u00edtottk\u00e9nt kihallgatt\u00e1k.<\/p>\n<p>Ellene kifoszt\u00e1s b\u0171ntett elk\u00f6vet\u00e9s\u00e9nek megalapozott gyan\u00faja miatt indult b\u00fcntet\u0151elj\u00e1r\u00e1s.<\/p>\n","protected":false},"excerpt":{"rendered":"<p>A Veszpr\u00e9mi Rend\u0151rkapit\u00e1nys\u00e1g munkat\u00e1rsai gyan\u00fas\u00edtottk\u00e9nt kihallgatt\u00e1k az 50 \u00e9ves helyi f\u00e9rfit. Sz\u00e1zezer forint k\u00e9szp\u00e9nz ellop\u00e1s\u00e1t jelentette be a 112-es szeg\u00e9lyh\u00edv\u00f3 sz\u00e1mon egy f\u00e9rfi 2023. m\u00e1rcius 2-\u00e1n 13 \u00f3ra 15 perckor. A helysz\u00ednre \u00e9rkez\u0151 j\u00e1r\u0151r\u00f6knek a bejelent\u0151 elmondta, hogy aznap vette &hellip; <a href=\"http:\/\/biztonsagosveszprem.hu\/?p=8013\">Egy kattint\u00e1s ide a folytat\u00e1shoz&#8230;. <span class=\"meta-nav\">&rarr;<\/span><\/a><\/p>\n","protected":false},"author":1,"featured_media":0,"comment_status":"closed","ping_status":"open","sticky":false,"template":"","format":"standard","meta":[],"categories":[4,3],"tags":[],"_links":{"self":[{"href":"http:\/\/biztonsagosveszprem.hu\/index.php?rest_route=\/wp\/v2\/posts\/8013"}],"collection":[{"href":"http:\/\/biztonsagosveszprem.hu\/index.php?rest_route=\/wp\/v2\/posts"}],"about":[{"href":"http:\/\/biztonsagosveszprem.hu\/index.php?rest_route=\/wp\/v2\/types\/post"}],"author":[{"embeddable":true,"href":"http:\/\/biztonsagosveszprem.hu\/index.php?rest_route=\/wp\/v2\/users\/1"}],"replies":[{"embeddable":true,"href":"http:\/\/biztonsagosveszprem.hu\/index.php?rest_route=%2Fwp%2Fv2%2Fcomments&post=8013"}],"version-history":[{"count":1,"href":"http:\/\/biztonsagosveszprem.hu\/index.php?rest_route=\/wp\/v2\/posts\/8013\/revisions"}],"predecessor-version":[{"id":8015,"href":"http:\/\/biztonsagosveszprem.hu\/index.php?rest_route=\/wp\/v2\/posts\/8013\/revisions\/8015"}],"wp:attachment":[{"href":"http:\/\/biztonsagosveszprem.hu\/index.php?rest_route=%2Fwp%2Fv2%2Fmedia&parent=8013"}],"wp:term":[{"taxonomy":"category","embeddable":true,"href":"http:\/\/biztonsagosveszprem.hu\/index.php?rest_route=%2Fwp%2Fv2%2Fcategories&post=8013"},{"taxonomy":"post_tag","embeddable":true,"href":"http:\/\/biztonsagosveszprem.hu\/index.php?rest_route=%2Fwp%2Fv2%2Ftags&post=8013"}],"curies":[{"name":"wp","href":"https:\/\/api.w.org\/{rel}","templated":true}]}}