{"id":8010,"date":"2023-03-03T07:20:50","date_gmt":"2023-03-03T05:20:50","guid":{"rendered":"http:\/\/biztonsagosveszprem.hu\/?p=8010"},"modified":"2023-03-03T07:20:50","modified_gmt":"2023-03-03T05:20:50","slug":"allatvedelemrol-az-ovodaban","status":"publish","type":"post","link":"http:\/\/biztonsagosveszprem.hu\/?p=8010","title":{"rendered":"\u00c1llatv\u00e9delemr\u0151l az \u00f3vod\u00e1ban"},"content":{"rendered":"<p><strong>A h\u00e1zi kedvencekkel val\u00f3 helyes b\u00e1n\u00e1sm\u00f3dr\u00f3l is sz\u00f3 esett a veszpr\u00e9mi Szent Margit Katolikus \u00d3vod\u00e1ban tartott rend\u0151rs\u00e9gi el\u0151ad\u00e1son 2023. m\u00e1rcius 2-\u00e1n.<\/strong><\/p>\n<p><a href=\"http:\/\/biztonsagosveszprem.hu\/wp-content\/uploads\/2023\/03\/ovis-allatvedelem-2023.03.02.jpg\"><img loading=\"lazy\" class=\"aligncenter size-full wp-image-8011\" src=\"http:\/\/biztonsagosveszprem.hu\/wp-content\/uploads\/2023\/03\/ovis-allatvedelem-2023.03.02.jpg\" alt=\"\" width=\"1728\" height=\"1885\" srcset=\"http:\/\/biztonsagosveszprem.hu\/wp-content\/uploads\/2023\/03\/ovis-allatvedelem-2023.03.02.jpg 1728w, http:\/\/biztonsagosveszprem.hu\/wp-content\/uploads\/2023\/03\/ovis-allatvedelem-2023.03.02-275x300.jpg 275w, http:\/\/biztonsagosveszprem.hu\/wp-content\/uploads\/2023\/03\/ovis-allatvedelem-2023.03.02-939x1024.jpg 939w, http:\/\/biztonsagosveszprem.hu\/wp-content\/uploads\/2023\/03\/ovis-allatvedelem-2023.03.02-768x838.jpg 768w, http:\/\/biztonsagosveszprem.hu\/wp-content\/uploads\/2023\/03\/ovis-allatvedelem-2023.03.02-1408x1536.jpg 1408w\" sizes=\"(max-width: 1728px) 100vw, 1728px\" \/><\/a><\/p>\n<p>A gyerekeknek &#8211; a koroszt\u00e1lyuknak megfelel\u0151en &#8211; a mese \u00e9s b\u00e1bok seg\u00edts\u00e9g\u00e9vel ismertette a Veszpr\u00e9mi Rend\u0151rkapit\u00e1nys\u00e1g b\u0171nmegel\u0151z\u00e9si el\u0151ad\u00f3ja az \u00e1llattart\u00e1s alapvet\u0151 szab\u00e1lyait, illetve mely magatart\u00e1sok min\u0151s\u00fclnek \u00e1llatk\u00ednz\u00e1snak, \u00e9s hogyan lehet tenni ez ellen.<\/p>\n<p>Az el\u0151ad\u00e1s alapvet\u0151 c\u00e9lja az volt, hogy a gyerekek megismerj\u00e9k a h\u00e1zi kedvencek ig\u00e9nyeit, valamint az esetlegesen jelentkez\u0151 agressz\u00edv viselked\u00e9s\u00fcknek a lehets\u00e9ges okait. A rend\u0151rkapit\u00e1nys\u00e1g megel\u0151z\u00e9si el\u0151ad\u00f3ja k\u00fcl\u00f6n kit\u00e9rt az ebek \u2013 mint leggyakoribb h\u00e1zi kedvencek &#8211; tart\u00e1s\u00e1nak szab\u00e1lyaira, \u00e9s a gyerekekkel k\u00f6z\u00f6sen \u00e1tbesz\u00e9lte, mi a teend\u0151 idegen kuty\u00e1val val\u00f3 tal\u00e1lkoz\u00e1s eset\u00e9n.<\/p>\n","protected":false},"excerpt":{"rendered":"<p>A h\u00e1zi kedvencekkel val\u00f3 helyes b\u00e1n\u00e1sm\u00f3dr\u00f3l is sz\u00f3 esett a veszpr\u00e9mi Szent Margit Katolikus \u00d3vod\u00e1ban tartott rend\u0151rs\u00e9gi el\u0151ad\u00e1son 2023. m\u00e1rcius 2-\u00e1n. A gyerekeknek &#8211; a koroszt\u00e1lyuknak megfelel\u0151en &#8211; a mese \u00e9s b\u00e1bok seg\u00edts\u00e9g\u00e9vel ismertette a Veszpr\u00e9mi Rend\u0151rkapit\u00e1nys\u00e1g b\u0171nmegel\u0151z\u00e9si el\u0151ad\u00f3ja az &hellip; <a href=\"http:\/\/biztonsagosveszprem.hu\/?p=8010\">Egy kattint\u00e1s ide a folytat\u00e1shoz&#8230;. <span class=\"meta-nav\">&rarr;<\/span><\/a><\/p>\n","protected":false},"author":1,"featured_media":0,"comment_status":"closed","ping_status":"open","sticky":false,"template":"","format":"standard","meta":[],"categories":[4,3],"tags":[],"_links":{"self":[{"href":"http:\/\/biztonsagosveszprem.hu\/index.php?rest_route=\/wp\/v2\/posts\/8010"}],"collection":[{"href":"http:\/\/biztonsagosveszprem.hu\/index.php?rest_route=\/wp\/v2\/posts"}],"about":[{"href":"http:\/\/biztonsagosveszprem.hu\/index.php?rest_route=\/wp\/v2\/types\/post"}],"author":[{"embeddable":true,"href":"http:\/\/biztonsagosveszprem.hu\/index.php?rest_route=\/wp\/v2\/users\/1"}],"replies":[{"embeddable":true,"href":"http:\/\/biztonsagosveszprem.hu\/index.php?rest_route=%2Fwp%2Fv2%2Fcomments&post=8010"}],"version-history":[{"count":1,"href":"http:\/\/biztonsagosveszprem.hu\/index.php?rest_route=\/wp\/v2\/posts\/8010\/revisions"}],"predecessor-version":[{"id":8012,"href":"http:\/\/biztonsagosveszprem.hu\/index.php?rest_route=\/wp\/v2\/posts\/8010\/revisions\/8012"}],"wp:attachment":[{"href":"http:\/\/biztonsagosveszprem.hu\/index.php?rest_route=%2Fwp%2Fv2%2Fmedia&parent=8010"}],"wp:term":[{"taxonomy":"category","embeddable":true,"href":"http:\/\/biztonsagosveszprem.hu\/index.php?rest_route=%2Fwp%2Fv2%2Fcategories&post=8010"},{"taxonomy":"post_tag","embeddable":true,"href":"http:\/\/biztonsagosveszprem.hu\/index.php?rest_route=%2Fwp%2Fv2%2Ftags&post=8010"}],"curies":[{"name":"wp","href":"https:\/\/api.w.org\/{rel}","templated":true}]}}