{"id":8007,"date":"2023-03-01T15:20:11","date_gmt":"2023-03-01T13:20:11","guid":{"rendered":"http:\/\/biztonsagosveszprem.hu\/?p=8007"},"modified":"2023-03-01T15:20:11","modified_gmt":"2023-03-01T13:20:11","slug":"kihules-fenyegette-az-idos-ferfit-zircen-a-rendorok-megmentettek","status":"publish","type":"post","link":"http:\/\/biztonsagosveszprem.hu\/?p=8007","title":{"rendered":"KIH\u0170L\u00c9S FENYEGETTE AZ ID\u0150S F\u00c9RFIT ZIRCEN, A REND\u0150R\u00d6K MEGMENTETT\u00c9K"},"content":{"rendered":"<p><strong>Rokonaihoz indult, de elt\u00e9vedt \u00e9s f\u00e1jt a l\u00e1ba.<\/strong><\/p>\n<p><a href=\"http:\/\/biztonsagosveszprem.hu\/wp-content\/uploads\/2023\/03\/logo25_2.jpg\"><img loading=\"lazy\" class=\"aligncenter size-full wp-image-8008\" src=\"http:\/\/biztonsagosveszprem.hu\/wp-content\/uploads\/2023\/03\/logo25_2.jpg\" alt=\"\" width=\"751\" height=\"500\" srcset=\"http:\/\/biztonsagosveszprem.hu\/wp-content\/uploads\/2023\/03\/logo25_2.jpg 751w, http:\/\/biztonsagosveszprem.hu\/wp-content\/uploads\/2023\/03\/logo25_2-300x200.jpg 300w\" sizes=\"(max-width: 751px) 100vw, 751px\" \/><\/a><\/p>\n<p>A j\u00e1rda melletti f\u00fcves ter\u00fcleten, a puszta f\u00f6ld\u00f6n \u00fcld\u00f6g\u00e9l\u0151 id\u0151s f\u00e9rfira lettek a j\u00e1r\u0151r\u00f6k figyelmesek 2023. febru\u00e1r 28-\u00e1ra virrad\u00f3 \u00e9jszaka Zircen. A feltett k\u00e9rd\u00e9sekre nehezen v\u00e1laszol\u00f3 id\u0151s szem\u00e9ly elmondta, hogy rokonaihoz \u00e9rkezett a v\u00e1rosba, de nem tudott eljutni hozz\u00e1juk, mert elt\u00e9vedt \u00e9s a l\u00e1ba egy p\u00e1r nappal kor\u00e1bbi s\u00e9r\u00fcl\u00e9s miatt nagyon f\u00e1j. Elmondta tov\u00e1bb\u00e1, hogy \u00f3r\u00e1k \u00f3ta kint tart\u00f3zkodik a szabadban \u00e9s f\u00e1zik. Mivel a h\u0151m\u00e9rs\u00e9klet fagypont k\u00f6r\u00fcl volt, \u00edgy a kih\u0171l\u00e9s vesz\u00e9ly\u00e9re val\u00f3 tekintettel, illetve a bajba jutott s\u00e9r\u00fcl\u00e9se miatt a j\u00e1r\u0151r\u00f6k ment\u0151t k\u00e9rtek a helysz\u00ednre. A ment\u0151szolg\u00e1lat munkat\u00e1rsai a 73 \u00e9ves f\u00e9rfit ezut\u00e1n k\u00f3rh\u00e1zba sz\u00e1ll\u00edtott\u00e1k.<\/p>\n","protected":false},"excerpt":{"rendered":"<p>Rokonaihoz indult, de elt\u00e9vedt \u00e9s f\u00e1jt a l\u00e1ba. A j\u00e1rda melletti f\u00fcves ter\u00fcleten, a puszta f\u00f6ld\u00f6n \u00fcld\u00f6g\u00e9l\u0151 id\u0151s f\u00e9rfira lettek a j\u00e1r\u0151r\u00f6k figyelmesek 2023. febru\u00e1r 28-\u00e1ra virrad\u00f3 \u00e9jszaka Zircen. A feltett k\u00e9rd\u00e9sekre nehezen v\u00e1laszol\u00f3 id\u0151s szem\u00e9ly elmondta, hogy rokonaihoz \u00e9rkezett &hellip; <a href=\"http:\/\/biztonsagosveszprem.hu\/?p=8007\">Egy kattint\u00e1s ide a folytat\u00e1shoz&#8230;. <span class=\"meta-nav\">&rarr;<\/span><\/a><\/p>\n","protected":false},"author":1,"featured_media":0,"comment_status":"closed","ping_status":"open","sticky":false,"template":"","format":"standard","meta":[],"categories":[4,3],"tags":[],"_links":{"self":[{"href":"http:\/\/biztonsagosveszprem.hu\/index.php?rest_route=\/wp\/v2\/posts\/8007"}],"collection":[{"href":"http:\/\/biztonsagosveszprem.hu\/index.php?rest_route=\/wp\/v2\/posts"}],"about":[{"href":"http:\/\/biztonsagosveszprem.hu\/index.php?rest_route=\/wp\/v2\/types\/post"}],"author":[{"embeddable":true,"href":"http:\/\/biztonsagosveszprem.hu\/index.php?rest_route=\/wp\/v2\/users\/1"}],"replies":[{"embeddable":true,"href":"http:\/\/biztonsagosveszprem.hu\/index.php?rest_route=%2Fwp%2Fv2%2Fcomments&post=8007"}],"version-history":[{"count":1,"href":"http:\/\/biztonsagosveszprem.hu\/index.php?rest_route=\/wp\/v2\/posts\/8007\/revisions"}],"predecessor-version":[{"id":8009,"href":"http:\/\/biztonsagosveszprem.hu\/index.php?rest_route=\/wp\/v2\/posts\/8007\/revisions\/8009"}],"wp:attachment":[{"href":"http:\/\/biztonsagosveszprem.hu\/index.php?rest_route=%2Fwp%2Fv2%2Fmedia&parent=8007"}],"wp:term":[{"taxonomy":"category","embeddable":true,"href":"http:\/\/biztonsagosveszprem.hu\/index.php?rest_route=%2Fwp%2Fv2%2Fcategories&post=8007"},{"taxonomy":"post_tag","embeddable":true,"href":"http:\/\/biztonsagosveszprem.hu\/index.php?rest_route=%2Fwp%2Fv2%2Ftags&post=8007"}],"curies":[{"name":"wp","href":"https:\/\/api.w.org\/{rel}","templated":true}]}}