{"id":8004,"date":"2023-03-01T07:33:23","date_gmt":"2023-03-01T05:33:23","guid":{"rendered":"http:\/\/biztonsagosveszprem.hu\/?p=8004"},"modified":"2023-03-01T07:33:23","modified_gmt":"2023-03-01T05:33:23","slug":"kozlekedesi-fokozott-ellenorzes-a-balesetek-megelozeseert-2","status":"publish","type":"post","link":"http:\/\/biztonsagosveszprem.hu\/?p=8004","title":{"rendered":"K\u00d6ZLEKED\u00c9SI FOKOZOTT ELLEN\u0150RZ\u00c9S A BALESETEK MEGEL\u0150Z\u00c9S\u00c9\u00c9RT"},"content":{"rendered":"<p><strong>Eg\u00e9sz napos fokozott k\u00f6z\u00fati ellen\u0151rz\u00e9st tartottak a Veszpr\u00e9m Rend\u0151rkapit\u00e1nys\u00e1g illet\u00e9kess\u00e9gi ter\u00fclet\u00e9n.<\/strong><\/p>\n<p><a href=\"http:\/\/biztonsagosveszprem.hu\/wp-content\/uploads\/2023\/03\/20230126_133849_7.jpg\"><img loading=\"lazy\" class=\"aligncenter size-full wp-image-8005\" src=\"http:\/\/biztonsagosveszprem.hu\/wp-content\/uploads\/2023\/03\/20230126_133849_7.jpg\" alt=\"\" width=\"751\" height=\"500\" srcset=\"http:\/\/biztonsagosveszprem.hu\/wp-content\/uploads\/2023\/03\/20230126_133849_7.jpg 751w, http:\/\/biztonsagosveszprem.hu\/wp-content\/uploads\/2023\/03\/20230126_133849_7-300x200.jpg 300w\" sizes=\"(max-width: 751px) 100vw, 751px\" \/><\/a><\/p>\n<p>A Veszpr\u00e9mi Rend\u0151rkapit\u00e1nys\u00e1g egyenruh\u00e1sai 2023. febru\u00e1r 27-\u00e9n a v\u00e1rmegyesz\u00e9khely f\u0151bb bevezet\u0151 \u00fatszakaszain, valamint a forgalmas csom\u00f3pontokn\u00e1l tartottak fokozott k\u00f6zleked\u00e9srend\u00e9szeti ellen\u0151rz\u00e9st. Ennek c\u00e9lja els\u0151sorban a k\u00f6z\u00fati k\u00f6zleked\u00e9si balesetek megel\u0151z\u00e9se, illetve az ittas vezet\u0151k kisz\u0171r\u00e9se volt.<\/p>\n<p>A fokozott ellen\u0151rz\u00e9s sor\u00e1n megk\u00fcl\u00f6nb\u00f6ztet\u0151 jelz\u00e9ssel el nem l\u00e1tott civil jelleg\u0171 g\u00e9pj\u00e1rm\u0171vek, valamint dr\u00f3n is seg\u00edtette az egyenruh\u00e1sok munk\u00e1j\u00e1t. Veszpr\u00e9m v\u00e1ros\u00e1ban ki\u00e9p\u00edtett kamerarendszeren kereszt\u00fcl a rend\u0151r\u00f6k a kapit\u00e1nys\u00e1g \u00e9p\u00fclet\u00e9b\u0151l t\u00f6bb gyalog\u00e1tkel\u0151hely k\u00f6zleked\u00e9s\u00e9t is figyelemmel kis\u00e9rt\u00e9k, \u00e9s amennyiben jogs\u00e9rt\u00e9st \u00e9szleltek akkor int\u00e9zked\u00e9st kezdem\u00e9nyeztek. \u00a0A szab\u00e1lytalan j\u00e1rm\u0171vezet\u0151ket a rend\u0151r\u00f6k meg\u00e1ll\u00edtott\u00e1k \u00e9s vel\u00fck szemben az elk\u00f6vetett jogs\u00e9rt\u00e9sek ar\u00e1ny\u00e1ban int\u00e9zkedtek.<\/p>\n<p>A rend\u0151r\u00f6k ezen k\u00edv\u00fcl kiemelt figyelmet ford\u00edtottak a vil\u00e1g\u00edt\u00f3 berendez\u00e9seket nem szab\u00e1lyszer\u0171en haszn\u00e1l\u00f3k, a tilos jelz\u00e9sen val\u00f3 \u00e1thalad\u00f3 j\u00e1rm\u0171vezet\u0151k, a passz\u00edv biztons\u00e1gi eszk\u00f6z\u00f6k, \u00fagy mint a biztons\u00e1gi \u00f6v, a gyermekbiztons\u00e1gi rendszer \u00e9s a buk\u00f3sisak el\u0151\u00edr\u00e1sszer\u0171 haszn\u00e1lat\u00e1t elmulaszt\u00f3k kisz\u0171r\u00e9s\u00e9re. Ellen\u0151rizt\u00e9k tov\u00e1bb\u00e1 a j\u00e1rm\u0171vek m\u0171szaki \u00e1llapot\u00e1t, a j\u00e1rm\u0171vezet\u00e9shez sz\u00fcks\u00e9ges vezet\u00e9si jogosults\u00e1gok megl\u00e9t\u00e9t is.<\/p>\n<p>Az ellen\u0151rz\u00e9s sor\u00e1n a rend\u0151r\u00f6k kett\u0151 szem\u00e9lyt el\u0151\u00e1ll\u00edtottak a Veszpr\u00e9mi Rend\u0151rkapit\u00e1nys\u00e1gra, mivel a vel\u00fck szemben alkalmazott alkoholteszter pozit\u00edv \u00e9rt\u00e9ket mutatott. K\u00f6z\u00fcl\u00fck egyik sof\u0151r ellen ittas j\u00e1rm\u0171vezet\u00e9s miatt b\u00fcntet\u0151elj\u00e1r\u00e1s indult, m\u00edg a m\u00e1sik g\u00e9pj\u00e1rm\u0171vezet\u0151vel szemben k\u00f6zigazgat\u00e1si b\u00edrs\u00e1got szabtak ki az egyenruh\u00e1sok.<\/p>\n<p>A k\u00f6zleked\u00e9si akci\u00f3ban a rend\u0151r\u00f6k h\u00e1rom olyan sof\u0151rrel szemben int\u00e9zkedtek, akik az el\u0151\u00edrt sebess\u00e9get nem tartott\u00e1k be, k\u00f6z\u00fcl\u00fck egy k\u00f6zigazgat\u00e1si b\u00edrs\u00e1got, kett\u0151 pedig helysz\u00edni b\u00edrs\u00e1got kapott. Tov\u00e1bb\u00e1 n\u00e9gy j\u00e1rm\u0171vezet\u0151vel szemben szint\u00e9n k\u00f6zigazgat\u00e1si b\u00edrs\u00e1got alkalmaztak az egyenruh\u00e1sok, \u0151k a tilos jelz\u00e9sen haladtak \u00e1t, elmulasztott\u00e1k a biztons\u00e1gi \u00f6v haszn\u00e1lat\u00e1t, illetve lej\u00e1rt m\u0171szaki \u00e9rv\u00e9nyess\u00e9g\u0171 j\u00e1rm\u0171vel vettek r\u00e9szt a forgalomban.<\/p>\n<p>Ilyen \u00e9s ehhez hasonl\u00f3 k\u00f6zleked\u00e9si ellen\u0151rz\u00e9sekre az elk\u00f6vetkezend\u0151 id\u0151szakban is sz\u00e1m\u00edthatnak a\u00a0j\u00e1rm\u0171vezet\u0151k Veszpr\u00e9m v\u00e1rmegye \u00fatjain.<\/p>\n<p><em>\u2026 hogy mindenki haza\u00e9rjen!<\/em><\/p>\n","protected":false},"excerpt":{"rendered":"<p>Eg\u00e9sz napos fokozott k\u00f6z\u00fati ellen\u0151rz\u00e9st tartottak a Veszpr\u00e9m Rend\u0151rkapit\u00e1nys\u00e1g illet\u00e9kess\u00e9gi ter\u00fclet\u00e9n. A Veszpr\u00e9mi Rend\u0151rkapit\u00e1nys\u00e1g egyenruh\u00e1sai 2023. febru\u00e1r 27-\u00e9n a v\u00e1rmegyesz\u00e9khely f\u0151bb bevezet\u0151 \u00fatszakaszain, valamint a forgalmas csom\u00f3pontokn\u00e1l tartottak fokozott k\u00f6zleked\u00e9srend\u00e9szeti ellen\u0151rz\u00e9st. Ennek c\u00e9lja els\u0151sorban a k\u00f6z\u00fati k\u00f6zleked\u00e9si balesetek megel\u0151z\u00e9se, illetve &hellip; <a href=\"http:\/\/biztonsagosveszprem.hu\/?p=8004\">Egy kattint\u00e1s ide a folytat\u00e1shoz&#8230;. <span class=\"meta-nav\">&rarr;<\/span><\/a><\/p>\n","protected":false},"author":1,"featured_media":0,"comment_status":"closed","ping_status":"open","sticky":false,"template":"","format":"standard","meta":[],"categories":[4,11,3],"tags":[],"_links":{"self":[{"href":"http:\/\/biztonsagosveszprem.hu\/index.php?rest_route=\/wp\/v2\/posts\/8004"}],"collection":[{"href":"http:\/\/biztonsagosveszprem.hu\/index.php?rest_route=\/wp\/v2\/posts"}],"about":[{"href":"http:\/\/biztonsagosveszprem.hu\/index.php?rest_route=\/wp\/v2\/types\/post"}],"author":[{"embeddable":true,"href":"http:\/\/biztonsagosveszprem.hu\/index.php?rest_route=\/wp\/v2\/users\/1"}],"replies":[{"embeddable":true,"href":"http:\/\/biztonsagosveszprem.hu\/index.php?rest_route=%2Fwp%2Fv2%2Fcomments&post=8004"}],"version-history":[{"count":1,"href":"http:\/\/biztonsagosveszprem.hu\/index.php?rest_route=\/wp\/v2\/posts\/8004\/revisions"}],"predecessor-version":[{"id":8006,"href":"http:\/\/biztonsagosveszprem.hu\/index.php?rest_route=\/wp\/v2\/posts\/8004\/revisions\/8006"}],"wp:attachment":[{"href":"http:\/\/biztonsagosveszprem.hu\/index.php?rest_route=%2Fwp%2Fv2%2Fmedia&parent=8004"}],"wp:term":[{"taxonomy":"category","embeddable":true,"href":"http:\/\/biztonsagosveszprem.hu\/index.php?rest_route=%2Fwp%2Fv2%2Fcategories&post=8004"},{"taxonomy":"post_tag","embeddable":true,"href":"http:\/\/biztonsagosveszprem.hu\/index.php?rest_route=%2Fwp%2Fv2%2Ftags&post=8004"}],"curies":[{"name":"wp","href":"https:\/\/api.w.org\/{rel}","templated":true}]}}