{"id":8001,"date":"2023-02-27T06:37:42","date_gmt":"2023-02-27T04:37:42","guid":{"rendered":"http:\/\/biztonsagosveszprem.hu\/?p=8001"},"modified":"2023-02-27T06:37:42","modified_gmt":"2023-02-27T04:37:42","slug":"ausztriaban-elvettek-a-rendorok-autoja-forgalmi-engedelyet-es-a-rendszamait-itthon-azt-hazudta-hogy-elvesztette","status":"publish","type":"post","link":"http:\/\/biztonsagosveszprem.hu\/?p=8001","title":{"rendered":"Ausztri\u00e1ban elvett\u00e9k a rend\u0151r\u00f6k aut\u00f3ja forgalmi enged\u00e9ly\u00e9t \u00e9s a rendsz\u00e1mait, itthon azt hazudta, hogy elvesztette"},"content":{"rendered":"<p><strong>Az elj\u00e1r\u00e1s adatai szerint egy 50 \u00e9ves devecseri lakos 2022. szeptember 10-\u00e9n Ausztri\u00e1ban k\u00f6zlekedett g\u00e9pkocsival, amikor az osztr\u00e1k rend\u0151r\u00f6k int\u00e9zked\u00e9s al\u00e1 vont\u00e1k.<\/strong><\/p>\n<p><a href=\"http:\/\/biztonsagosveszprem.hu\/wp-content\/uploads\/2023\/02\/04_333_0.jpg\"><img loading=\"lazy\" class=\"aligncenter size-full wp-image-7963\" src=\"http:\/\/biztonsagosveszprem.hu\/wp-content\/uploads\/2023\/02\/04_333_0.jpg\" alt=\"\" width=\"751\" height=\"500\" srcset=\"http:\/\/biztonsagosveszprem.hu\/wp-content\/uploads\/2023\/02\/04_333_0.jpg 751w, http:\/\/biztonsagosveszprem.hu\/wp-content\/uploads\/2023\/02\/04_333_0-300x200.jpg 300w\" sizes=\"(max-width: 751px) 100vw, 751px\" \/><\/a><\/p>\n<p style=\"font-weight: 400;\">Ennek sor\u00e1n meg\u00e1llap\u00edtott\u00e1k, hogy a j\u00e1rm\u0171 r\u00f6gz\u00edt\u0151f\u00e9kje nem m\u0171k\u00f6dik. Figyelemmel a k\u00f6zleked\u00e9s biztons\u00e1g\u00e1t vesz\u00e9lyeztet\u0151 m\u0171szaki hib\u00e1ra a g\u00e9pkocsi hat\u00f3s\u00e1gi jelz\u00e9s\u00e9t, valamint forgalmi enged\u00e9ly\u00e9t a helysz\u00ednen elvett\u00e9k, a j\u00e1rm\u0171vel val\u00f3 tov\u00e1bbi k\u00f6zleked\u00e9st megtiltott\u00e1k, a sof\u0151rrel szemben pedig szab\u00e1lys\u00e9rt\u00e9si feljelent\u00e9st tettek.<\/p>\n<p style=\"font-weight: 400;\">A devecseri f\u00e9rfi Magyarorsz\u00e1gra vissza\u00e9rkezve 2022. szeptember 12-\u00e9n megjelent a veszpr\u00e9mi j\u00e1r\u00e1si hivatalban, ahol jegyz\u0151k\u00f6nyv felv\u00e9tele mellett \u00fagy nyilatkozott, hogy a rendsz\u00e1mt\u00e1bl\u00e1kat \u00e9s a forgalmi enged\u00e9lyt Ausztri\u00e1ban elvesztette. Tette ezt annak ellen\u00e9re, hogy az \u00fcgyint\u00e9z\u0151 felh\u00edvta a figyelm\u00e9t arra, hogy amennyiben a hat\u00f3s\u00e1gi jelz\u00e9s \u00e9s forgalmi enged\u00e9ly az\u00e9rt ker\u00fclt ki a birtok\u00e1b\u00f3l, mert azt a k\u00fclf\u00f6ldi hat\u00f3s\u00e1g elvette, \u00fagy vele szemben a hivatal feljelent\u00e9st tesz. Ezt k\u00f6vet\u0151en, 2022 november\u00e9ben Magyarorsz\u00e1g b\u00e9csi konzul\u00e1tusa arr\u00f3l t\u00e1j\u00e9koztatta a magyar hat\u00f3s\u00e1gokat, hogy a hivatkozott j\u00e1rm\u0171 hat\u00f3s\u00e1gi jelz\u00e9s\u00e9t \u00e9s forgalmi enged\u00e9ly\u00e9t a g\u00e9pkocsi nem megfelel\u0151 m\u0171szaki \u00e1llapota miatt Ausztri\u00e1ban bevont\u00e1k.<\/p>\n<p style=\"font-weight: 400;\">A f\u00e9rfi ellen k\u00f6zokirat-hamis\u00edt\u00e1s b\u0171ntett elk\u00f6vet\u00e9s\u00e9nek megalapozott gyan\u00faja miatt folyt b\u00fcntet\u0151elj\u00e1r\u00e1s.<\/p>\n<p style=\"font-weight: 400;\">A nyomoz\u00e1s vizsg\u00e1lati szakasz\u00e1ban a Veszpr\u00e9mi Rend\u0151rkapit\u00e1nys\u00e1g a sz\u00fcks\u00e9ges elj\u00e1r\u00e1si cselekm\u00e9nyeket elv\u00e9gezte, \u00e9s az iratokat \u00e1tadta az illet\u00e9kes \u00fcgy\u00e9szs\u00e9gnek.<\/p>\n","protected":false},"excerpt":{"rendered":"<p>Az elj\u00e1r\u00e1s adatai szerint egy 50 \u00e9ves devecseri lakos 2022. szeptember 10-\u00e9n Ausztri\u00e1ban k\u00f6zlekedett g\u00e9pkocsival, amikor az osztr\u00e1k rend\u0151r\u00f6k int\u00e9zked\u00e9s al\u00e1 vont\u00e1k. Ennek sor\u00e1n meg\u00e1llap\u00edtott\u00e1k, hogy a j\u00e1rm\u0171 r\u00f6gz\u00edt\u0151f\u00e9kje nem m\u0171k\u00f6dik. Figyelemmel a k\u00f6zleked\u00e9s biztons\u00e1g\u00e1t vesz\u00e9lyeztet\u0151 m\u0171szaki hib\u00e1ra a g\u00e9pkocsi &hellip; <a href=\"http:\/\/biztonsagosveszprem.hu\/?p=8001\">Egy kattint\u00e1s ide a folytat\u00e1shoz&#8230;. <span class=\"meta-nav\">&rarr;<\/span><\/a><\/p>\n","protected":false},"author":1,"featured_media":0,"comment_status":"closed","ping_status":"open","sticky":false,"template":"","format":"standard","meta":[],"categories":[4,3],"tags":[],"_links":{"self":[{"href":"http:\/\/biztonsagosveszprem.hu\/index.php?rest_route=\/wp\/v2\/posts\/8001"}],"collection":[{"href":"http:\/\/biztonsagosveszprem.hu\/index.php?rest_route=\/wp\/v2\/posts"}],"about":[{"href":"http:\/\/biztonsagosveszprem.hu\/index.php?rest_route=\/wp\/v2\/types\/post"}],"author":[{"embeddable":true,"href":"http:\/\/biztonsagosveszprem.hu\/index.php?rest_route=\/wp\/v2\/users\/1"}],"replies":[{"embeddable":true,"href":"http:\/\/biztonsagosveszprem.hu\/index.php?rest_route=%2Fwp%2Fv2%2Fcomments&post=8001"}],"version-history":[{"count":1,"href":"http:\/\/biztonsagosveszprem.hu\/index.php?rest_route=\/wp\/v2\/posts\/8001\/revisions"}],"predecessor-version":[{"id":8002,"href":"http:\/\/biztonsagosveszprem.hu\/index.php?rest_route=\/wp\/v2\/posts\/8001\/revisions\/8002"}],"wp:attachment":[{"href":"http:\/\/biztonsagosveszprem.hu\/index.php?rest_route=%2Fwp%2Fv2%2Fmedia&parent=8001"}],"wp:term":[{"taxonomy":"category","embeddable":true,"href":"http:\/\/biztonsagosveszprem.hu\/index.php?rest_route=%2Fwp%2Fv2%2Fcategories&post=8001"},{"taxonomy":"post_tag","embeddable":true,"href":"http:\/\/biztonsagosveszprem.hu\/index.php?rest_route=%2Fwp%2Fv2%2Ftags&post=8001"}],"curies":[{"name":"wp","href":"https:\/\/api.w.org\/{rel}","templated":true}]}}