{"id":7998,"date":"2023-02-24T12:51:47","date_gmt":"2023-02-24T10:51:47","guid":{"rendered":"http:\/\/biztonsagosveszprem.hu\/?p=7998"},"modified":"2023-02-24T12:51:47","modified_gmt":"2023-02-24T10:51:47","slug":"ki-latta-lakatos-mate-ferencet","status":"publish","type":"post","link":"http:\/\/biztonsagosveszprem.hu\/?p=7998","title":{"rendered":"KI L\u00c1TTA LAKATOS M\u00c1T\u00c9 FERENCET?"},"content":{"rendered":"<p><strong>A Veszpr\u00e9mi Rend\u0151rkapit\u00e1nys\u00e1g munkat\u00e1rsai a lakoss\u00e1g seg\u00edts\u00e9g\u00e9t k\u00e9rik Lakatos M\u00e1t\u00e9 Ferenc megtal\u00e1l\u00e1sa \u00e9rdek\u00e9ben.<\/strong><\/p>\n<p><a href=\"http:\/\/biztonsagosveszprem.hu\/wp-content\/uploads\/2023\/02\/Lakatos-Mate-Ferenc.jpg\"><img loading=\"lazy\" class=\"aligncenter size-full wp-image-7999\" src=\"http:\/\/biztonsagosveszprem.hu\/wp-content\/uploads\/2023\/02\/Lakatos-Mate-Ferenc.jpg\" alt=\"\" width=\"751\" height=\"500\" srcset=\"http:\/\/biztonsagosveszprem.hu\/wp-content\/uploads\/2023\/02\/Lakatos-Mate-Ferenc.jpg 751w, http:\/\/biztonsagosveszprem.hu\/wp-content\/uploads\/2023\/02\/Lakatos-Mate-Ferenc-300x200.jpg 300w\" sizes=\"(max-width: 751px) 100vw, 751px\" \/><\/a><\/p>\n<p>A Veszpr\u00e9mi Rend\u0151rkapit\u00e1nys\u00e1g 19010\/157\/52\/2023. k\u00f6r\u00f6z\u00e9si sz\u00e1mokon elj\u00e1r\u00e1st folytat az ismeretlen helyen tart\u00f3zkod\u00f3 Lakatos M\u00e1t\u00e9 Ferenc elt\u0171n\u00e9se \u00fcgy\u00e9ben.<\/p>\n<p>A 16 \u00e9ves fi\u00fa a l\u00f3k\u00fati lak\u00e1sotthonb\u00f3l 2023. janu\u00e1r 21-\u00e9n enged\u00e9ly n\u00e9lk\u00fcl t\u00e1vozott, az\u00f3ta holl\u00e9te ismeretlen. A felkutat\u00e1s\u00e1ra tett rend\u0151ri int\u00e9zked\u00e9sek eddig eredm\u00e9nyre nem vezettek.<\/p>\n<p>Lakatos M\u00e1t\u00e9 Ferenc k\u00f6r\u00fclbel\u00fcl 150 cm magas, \u00e1tlagos testalkat\u00fa, r\u00f6vid barna haj\u00fa, barna szem\u0171 kreol b\u0151r\u0171.<\/p>\n<p>A Veszpr\u00e9mi Rend\u0151rkapit\u00e1nys\u00e1g k\u00e9ri, hogy aki a k\u00e9pen l\u00e1that\u00f3 Lakatos M\u00e1t\u00e9 Ferencet felismeri, tart\u00f3zkod\u00e1si hely\u00e9r\u0151l vagy elt\u0171n\u00e9se k\u00f6r\u00fclm\u00e9nyeir\u0151l inform\u00e1ci\u00f3val rendelkezik, jelentkezzen a Veszpr\u00e9mi Rend\u0151rkapit\u00e1nys\u00e1gon szem\u00e9lyesen (Veszpr\u00e9m, Bajcsy-Zsilinszky Endre utca 2.) vagy h\u00edvja a 06-88-428-022-es telefonsz\u00e1mot, illetve n\u00e9vtelens\u00e9ge meg\u0151rz\u00e9se mellett bejelent\u00e9st tehet a nap 24 \u00f3r\u00e1j\u00e1ban el\u00e9rhet\u0151 06-80-555-111-es Telefontan\u00fa z\u00f6ldsz\u00e1m\u00e1n, valamint a 112-es, d\u00edjmentes seg\u00e9lyh\u00edv\u00f3 sz\u00e1mon.<\/p>\n","protected":false},"excerpt":{"rendered":"<p>A Veszpr\u00e9mi Rend\u0151rkapit\u00e1nys\u00e1g munkat\u00e1rsai a lakoss\u00e1g seg\u00edts\u00e9g\u00e9t k\u00e9rik Lakatos M\u00e1t\u00e9 Ferenc megtal\u00e1l\u00e1sa \u00e9rdek\u00e9ben. A Veszpr\u00e9mi Rend\u0151rkapit\u00e1nys\u00e1g 19010\/157\/52\/2023. k\u00f6r\u00f6z\u00e9si sz\u00e1mokon elj\u00e1r\u00e1st folytat az ismeretlen helyen tart\u00f3zkod\u00f3 Lakatos M\u00e1t\u00e9 Ferenc elt\u0171n\u00e9se \u00fcgy\u00e9ben. A 16 \u00e9ves fi\u00fa a l\u00f3k\u00fati lak\u00e1sotthonb\u00f3l 2023. janu\u00e1r 21-\u00e9n &hellip; <a href=\"http:\/\/biztonsagosveszprem.hu\/?p=7998\">Egy kattint\u00e1s ide a folytat\u00e1shoz&#8230;. <span class=\"meta-nav\">&rarr;<\/span><\/a><\/p>\n","protected":false},"author":1,"featured_media":0,"comment_status":"closed","ping_status":"open","sticky":false,"template":"","format":"standard","meta":[],"categories":[4,3],"tags":[],"_links":{"self":[{"href":"http:\/\/biztonsagosveszprem.hu\/index.php?rest_route=\/wp\/v2\/posts\/7998"}],"collection":[{"href":"http:\/\/biztonsagosveszprem.hu\/index.php?rest_route=\/wp\/v2\/posts"}],"about":[{"href":"http:\/\/biztonsagosveszprem.hu\/index.php?rest_route=\/wp\/v2\/types\/post"}],"author":[{"embeddable":true,"href":"http:\/\/biztonsagosveszprem.hu\/index.php?rest_route=\/wp\/v2\/users\/1"}],"replies":[{"embeddable":true,"href":"http:\/\/biztonsagosveszprem.hu\/index.php?rest_route=%2Fwp%2Fv2%2Fcomments&post=7998"}],"version-history":[{"count":1,"href":"http:\/\/biztonsagosveszprem.hu\/index.php?rest_route=\/wp\/v2\/posts\/7998\/revisions"}],"predecessor-version":[{"id":8000,"href":"http:\/\/biztonsagosveszprem.hu\/index.php?rest_route=\/wp\/v2\/posts\/7998\/revisions\/8000"}],"wp:attachment":[{"href":"http:\/\/biztonsagosveszprem.hu\/index.php?rest_route=%2Fwp%2Fv2%2Fmedia&parent=7998"}],"wp:term":[{"taxonomy":"category","embeddable":true,"href":"http:\/\/biztonsagosveszprem.hu\/index.php?rest_route=%2Fwp%2Fv2%2Fcategories&post=7998"},{"taxonomy":"post_tag","embeddable":true,"href":"http:\/\/biztonsagosveszprem.hu\/index.php?rest_route=%2Fwp%2Fv2%2Ftags&post=7998"}],"curies":[{"name":"wp","href":"https:\/\/api.w.org\/{rel}","templated":true}]}}