{"id":7992,"date":"2023-02-22T14:34:34","date_gmt":"2023-02-22T12:34:34","guid":{"rendered":"http:\/\/biztonsagosveszprem.hu\/?p=7992"},"modified":"2023-02-22T14:34:34","modified_gmt":"2023-02-22T12:34:34","slug":"okollel-utotte-unokaoccset-a-rendorok-orizetbe-vettek","status":"publish","type":"post","link":"http:\/\/biztonsagosveszprem.hu\/?p=7992","title":{"rendered":"\u00d6K\u00d6LLEL \u00dcT\u00d6TTE UNOKA\u00d6CCS\u00c9T, A REND\u0150R\u00d6K \u0150RIZETBE VETT\u00c9K"},"content":{"rendered":"<div class=\"lead-text\">\n<p><strong>A Veszpr\u00e9mi Rend\u0151rkapit\u00e1nys\u00e1g munkat\u00e1rsai gyan\u00fas\u00edtottk\u00e9nt kihallgatt\u00e1k a 65 \u00e9ves f\u00e9rfit.<\/strong><\/p>\n<\/div>\n<p><a href=\"http:\/\/biztonsagosveszprem.hu\/wp-content\/uploads\/2023\/02\/logo9_1_0.jpg\"><img loading=\"lazy\" class=\"aligncenter size-full wp-image-7993\" src=\"http:\/\/biztonsagosveszprem.hu\/wp-content\/uploads\/2023\/02\/logo9_1_0.jpg\" alt=\"\" width=\"751\" height=\"500\" srcset=\"http:\/\/biztonsagosveszprem.hu\/wp-content\/uploads\/2023\/02\/logo9_1_0.jpg 751w, http:\/\/biztonsagosveszprem.hu\/wp-content\/uploads\/2023\/02\/logo9_1_0-300x200.jpg 300w\" sizes=\"(max-width: 751px) 100vw, 751px\" \/><\/a><\/p>\n<p>Az elj\u00e1r\u00e1s adatai alapj\u00e1n egy 65 \u00e9ves bakonyi kistelep\u00fcl\u00e9sen \u00e9l\u0151 f\u00e9rfi 2023. febru\u00e1r 21-\u00e9n 19 \u00f3ra k\u00f6r\u00fcl egy el\u0151zetes sz\u00f3v\u00e1lt\u00e1st k\u00f6vet\u0151en \u00f6k\u00f6llel homlokon, illetve arcon \u00fct\u00f6tte unoka\u00f6ccs\u00e9t, aki ennek k\u00f6vetkezt\u00e9ben a szoba padl\u00f3j\u00e1ra zuhant \u00e9s eszm\u00e9let\u00e9t vesztette. A ki\u00e9rkez\u0151 rend\u0151r\u00f6k a helysz\u00ednen elfogt\u00e1k a f\u00e9rfit, majd el\u0151\u00e1ll\u00edtott\u00e1k a Zirci Rend\u0151r\u0151rsre \u00e9s \u0151rizetbe v\u00e9tele mellett gyan\u00fas\u00edtottk\u00e9nt kihallgatt\u00e1k. A nyomoz\u00f3k meg\u00e1llap\u00edtott\u00e1k tov\u00e1bb\u00e1, hogy az elk\u00f6vet\u0151 2023 janu\u00e1rj\u00e1t\u00f3l napi rendszeress\u00e9ggel fenyegette hozz\u00e1tartoz\u00f3j\u00e1t azzal, hogy meg\u00f6li, elv\u00e1gja a tork\u00e1t.<\/p>\n<p>A 65 \u00e9ves Veszpr\u00e9m-k\u00f6rny\u00e9ki f\u00e9rfi ellen s\u00falyos testi s\u00e9rt\u00e9s b\u0171ntett k\u00eds\u00e9rlet \u00e9s zaklat\u00e1s v\u00e9ts\u00e9g elk\u00f6vet\u00e9s\u00e9nek megalapozott gyan\u00faja miatt folyik b\u00fcntet\u0151elj\u00e1r\u00e1s.<\/p>\n","protected":false},"excerpt":{"rendered":"<p>A Veszpr\u00e9mi Rend\u0151rkapit\u00e1nys\u00e1g munkat\u00e1rsai gyan\u00fas\u00edtottk\u00e9nt kihallgatt\u00e1k a 65 \u00e9ves f\u00e9rfit. Az elj\u00e1r\u00e1s adatai alapj\u00e1n egy 65 \u00e9ves bakonyi kistelep\u00fcl\u00e9sen \u00e9l\u0151 f\u00e9rfi 2023. febru\u00e1r 21-\u00e9n 19 \u00f3ra k\u00f6r\u00fcl egy el\u0151zetes sz\u00f3v\u00e1lt\u00e1st k\u00f6vet\u0151en \u00f6k\u00f6llel homlokon, illetve arcon \u00fct\u00f6tte unoka\u00f6ccs\u00e9t, aki ennek k\u00f6vetkezt\u00e9ben &hellip; <a href=\"http:\/\/biztonsagosveszprem.hu\/?p=7992\">Egy kattint\u00e1s ide a folytat\u00e1shoz&#8230;. <span class=\"meta-nav\">&rarr;<\/span><\/a><\/p>\n","protected":false},"author":1,"featured_media":0,"comment_status":"closed","ping_status":"open","sticky":false,"template":"","format":"standard","meta":[],"categories":[4,3],"tags":[],"_links":{"self":[{"href":"http:\/\/biztonsagosveszprem.hu\/index.php?rest_route=\/wp\/v2\/posts\/7992"}],"collection":[{"href":"http:\/\/biztonsagosveszprem.hu\/index.php?rest_route=\/wp\/v2\/posts"}],"about":[{"href":"http:\/\/biztonsagosveszprem.hu\/index.php?rest_route=\/wp\/v2\/types\/post"}],"author":[{"embeddable":true,"href":"http:\/\/biztonsagosveszprem.hu\/index.php?rest_route=\/wp\/v2\/users\/1"}],"replies":[{"embeddable":true,"href":"http:\/\/biztonsagosveszprem.hu\/index.php?rest_route=%2Fwp%2Fv2%2Fcomments&post=7992"}],"version-history":[{"count":1,"href":"http:\/\/biztonsagosveszprem.hu\/index.php?rest_route=\/wp\/v2\/posts\/7992\/revisions"}],"predecessor-version":[{"id":7994,"href":"http:\/\/biztonsagosveszprem.hu\/index.php?rest_route=\/wp\/v2\/posts\/7992\/revisions\/7994"}],"wp:attachment":[{"href":"http:\/\/biztonsagosveszprem.hu\/index.php?rest_route=%2Fwp%2Fv2%2Fmedia&parent=7992"}],"wp:term":[{"taxonomy":"category","embeddable":true,"href":"http:\/\/biztonsagosveszprem.hu\/index.php?rest_route=%2Fwp%2Fv2%2Fcategories&post=7992"},{"taxonomy":"post_tag","embeddable":true,"href":"http:\/\/biztonsagosveszprem.hu\/index.php?rest_route=%2Fwp%2Fv2%2Ftags&post=7992"}],"curies":[{"name":"wp","href":"https:\/\/api.w.org\/{rel}","templated":true}]}}