{"id":7969,"date":"2023-02-14T06:31:27","date_gmt":"2023-02-14T04:31:27","guid":{"rendered":"http:\/\/biztonsagosveszprem.hu\/?p=7969"},"modified":"2023-02-14T06:31:27","modified_gmt":"2023-02-14T04:31:27","slug":"a-tolvaj-meg-egy-vagyonort-is-megfenyegetett-5-het-alatt-tobb-mint-1-millio-forint-keszpenzt-lopott","status":"publish","type":"post","link":"http:\/\/biztonsagosveszprem.hu\/?p=7969","title":{"rendered":"A TOLVAJ M\u00c9G EGY VAGYON\u0150RT IS MEGFENYEGETETT, 5 H\u00c9T ALATT T\u00d6BB MINT 1 MILLI\u00d3 FORINT K\u00c9SZP\u00c9NZT LOPOTT"},"content":{"rendered":"<div class=\"lead-text\">\n<p><strong>A Veszpr\u00e9mi Rend\u0151rkapit\u00e1nys\u00e1g befejezte az \u00fcgy vizsg\u00e1lat\u00e1t.<\/strong><\/p>\n<\/div>\n<p><a href=\"http:\/\/biztonsagosveszprem.hu\/wp-content\/uploads\/2023\/02\/lopasok-vadas-2023.02.10.-1.jpg\"><img loading=\"lazy\" class=\"aligncenter size-full wp-image-7970\" src=\"http:\/\/biztonsagosveszprem.hu\/wp-content\/uploads\/2023\/02\/lopasok-vadas-2023.02.10.-1.jpg\" alt=\"\" width=\"751\" height=\"500\" srcset=\"http:\/\/biztonsagosveszprem.hu\/wp-content\/uploads\/2023\/02\/lopasok-vadas-2023.02.10.-1.jpg 751w, http:\/\/biztonsagosveszprem.hu\/wp-content\/uploads\/2023\/02\/lopasok-vadas-2023.02.10.-1-300x200.jpg 300w\" sizes=\"(max-width: 751px) 100vw, 751px\" \/><\/a><\/p>\n<p>Az elj\u00e1r\u00e1s adatai alapj\u00e1n 2022. \u00e1prilis 25. \u00e9s 2022. j\u00fanius 1. k\u00f6z\u00f6tt Veszpr\u00e9mben f\u0151k\u00e9nt kultur\u00e1lis, szoci\u00e1lis \u00e9s oktat\u00e1si int\u00e9zm\u00e9nyek ter\u00fclet\u00e9n, illetve \u00f6lt\u00f6z\u0151kben, irod\u00e1kban, \u00fczletekben elk\u00f6vetett p\u00e9nzt\u00e1rcalop\u00e1sokr\u00f3l \u00e9rkezett bejelent\u00e9s a Veszpr\u00e9mi Rend\u0151rkapit\u00e1nys\u00e1gra. A nyomoz\u00e1s sor\u00e1n a rend\u0151r\u00f6k l\u00e1t\u00f3k\u00f6r\u00e9be egy 32 \u00e9ves balatonf\u0171zf\u0151i lakos ker\u00fclt. A f\u00e9rfit 2022. j\u00fanius 7-\u00e9n elfogt\u00e1k, majd a nyomoz\u00f3k \u0151rizetbe v\u00e9tele mellett gyan\u00fas\u00edtottk\u00e9nt kihallgatt\u00e1k, az illet\u00e9kes j\u00e1r\u00e1sb\u00edr\u00f3s\u00e1g pedig letart\u00f3ztatta. A tettes ellen a vagyon elleni b\u0171ncselekm\u00e9nyek elk\u00f6vet\u00e9se mellett zsarol\u00e1s miatt is b\u00fcntet\u0151elj\u00e1r\u00e1s indult, mivel az egyik boltban a lop\u00e1st \u00e9szlel\u0151 vagyon\u0151rt \u00e9letvesz\u00e9lyesen megfenyegette.<\/p>\n<p>A f\u00e9rfival szemben 11 rendbeli lop\u00e1s, 2 rendbeli lop\u00e1s k\u00eds\u00e9rlet, zsarol\u00e1s \u00e9s inform\u00e1ci\u00f3s rendszer felhaszn\u00e1l\u00e1s\u00e1val elk\u00f6vetett csal\u00e1s k\u00eds\u00e9rlete miatt folyt b\u00fcntet\u0151elj\u00e1r\u00e1s.<\/p>\n<p>A Veszpr\u00e9mi Rend\u0151rkapit\u00e1nys\u00e1g a nyomoz\u00e1s vizsg\u00e1lati szakasz\u00e1ban a sz\u00fcks\u00e9ges elj\u00e1r\u00e1si cselekm\u00e9nyeket elv\u00e9gezte, \u00e9s az iratokat \u00e1tadta az illet\u00e9kes \u00fcgy\u00e9szs\u00e9gnek.<\/p>\n<p><a href=\"http:\/\/biztonsagosveszprem.hu\/wp-content\/uploads\/2023\/02\/lopasok-2023.02.10.-1.jpg\"><img loading=\"lazy\" class=\"aligncenter size-full wp-image-7971\" src=\"http:\/\/biztonsagosveszprem.hu\/wp-content\/uploads\/2023\/02\/lopasok-2023.02.10.-1.jpg\" alt=\"\" width=\"748\" height=\"500\" srcset=\"http:\/\/biztonsagosveszprem.hu\/wp-content\/uploads\/2023\/02\/lopasok-2023.02.10.-1.jpg 748w, http:\/\/biztonsagosveszprem.hu\/wp-content\/uploads\/2023\/02\/lopasok-2023.02.10.-1-300x201.jpg 300w\" sizes=\"(max-width: 748px) 100vw, 748px\" \/><\/a><\/p>\n<p>&nbsp;<\/p>\n","protected":false},"excerpt":{"rendered":"<p>A Veszpr\u00e9mi Rend\u0151rkapit\u00e1nys\u00e1g befejezte az \u00fcgy vizsg\u00e1lat\u00e1t. Az elj\u00e1r\u00e1s adatai alapj\u00e1n 2022. \u00e1prilis 25. \u00e9s 2022. j\u00fanius 1. k\u00f6z\u00f6tt Veszpr\u00e9mben f\u0151k\u00e9nt kultur\u00e1lis, szoci\u00e1lis \u00e9s oktat\u00e1si int\u00e9zm\u00e9nyek ter\u00fclet\u00e9n, illetve \u00f6lt\u00f6z\u0151kben, irod\u00e1kban, \u00fczletekben elk\u00f6vetett p\u00e9nzt\u00e1rcalop\u00e1sokr\u00f3l \u00e9rkezett bejelent\u00e9s a Veszpr\u00e9mi Rend\u0151rkapit\u00e1nys\u00e1gra. A nyomoz\u00e1s &hellip; <a href=\"http:\/\/biztonsagosveszprem.hu\/?p=7969\">Egy kattint\u00e1s ide a folytat\u00e1shoz&#8230;. <span class=\"meta-nav\">&rarr;<\/span><\/a><\/p>\n","protected":false},"author":1,"featured_media":0,"comment_status":"closed","ping_status":"open","sticky":false,"template":"","format":"standard","meta":[],"categories":[4,3],"tags":[],"_links":{"self":[{"href":"http:\/\/biztonsagosveszprem.hu\/index.php?rest_route=\/wp\/v2\/posts\/7969"}],"collection":[{"href":"http:\/\/biztonsagosveszprem.hu\/index.php?rest_route=\/wp\/v2\/posts"}],"about":[{"href":"http:\/\/biztonsagosveszprem.hu\/index.php?rest_route=\/wp\/v2\/types\/post"}],"author":[{"embeddable":true,"href":"http:\/\/biztonsagosveszprem.hu\/index.php?rest_route=\/wp\/v2\/users\/1"}],"replies":[{"embeddable":true,"href":"http:\/\/biztonsagosveszprem.hu\/index.php?rest_route=%2Fwp%2Fv2%2Fcomments&post=7969"}],"version-history":[{"count":1,"href":"http:\/\/biztonsagosveszprem.hu\/index.php?rest_route=\/wp\/v2\/posts\/7969\/revisions"}],"predecessor-version":[{"id":7972,"href":"http:\/\/biztonsagosveszprem.hu\/index.php?rest_route=\/wp\/v2\/posts\/7969\/revisions\/7972"}],"wp:attachment":[{"href":"http:\/\/biztonsagosveszprem.hu\/index.php?rest_route=%2Fwp%2Fv2%2Fmedia&parent=7969"}],"wp:term":[{"taxonomy":"category","embeddable":true,"href":"http:\/\/biztonsagosveszprem.hu\/index.php?rest_route=%2Fwp%2Fv2%2Fcategories&post=7969"},{"taxonomy":"post_tag","embeddable":true,"href":"http:\/\/biztonsagosveszprem.hu\/index.php?rest_route=%2Fwp%2Fv2%2Ftags&post=7969"}],"curies":[{"name":"wp","href":"https:\/\/api.w.org\/{rel}","templated":true}]}}