{"id":7965,"date":"2023-02-10T11:19:53","date_gmt":"2023-02-10T09:19:53","guid":{"rendered":"http:\/\/biztonsagosveszprem.hu\/?p=7965"},"modified":"2023-02-10T11:19:53","modified_gmt":"2023-02-10T09:19:53","slug":"ejjel-lopott-reggel-kattant-a-bilincs","status":"publish","type":"post","link":"http:\/\/biztonsagosveszprem.hu\/?p=7965","title":{"rendered":"\u00c9jjel lopott, reggel kattant a bilincs"},"content":{"rendered":"<p><strong>El\u0151\u00e1ll\u00edtott\u00e1k a rend\u0151r\u00f6k a benzinkutas tolvajt.<\/strong><\/p>\n<p><a href=\"http:\/\/biztonsagosveszprem.hu\/wp-content\/uploads\/2023\/02\/bilincs2.jpg\"><img loading=\"lazy\" class=\"aligncenter size-full wp-image-7966\" src=\"http:\/\/biztonsagosveszprem.hu\/wp-content\/uploads\/2023\/02\/bilincs2.jpg\" alt=\"\" width=\"1322\" height=\"923\" srcset=\"http:\/\/biztonsagosveszprem.hu\/wp-content\/uploads\/2023\/02\/bilincs2.jpg 1322w, http:\/\/biztonsagosveszprem.hu\/wp-content\/uploads\/2023\/02\/bilincs2-300x209.jpg 300w, http:\/\/biztonsagosveszprem.hu\/wp-content\/uploads\/2023\/02\/bilincs2-1024x715.jpg 1024w, http:\/\/biztonsagosveszprem.hu\/wp-content\/uploads\/2023\/02\/bilincs2-768x536.jpg 768w\" sizes=\"(max-width: 1322px) 100vw, 1322px\" \/><\/a><br \/>\nAz egyik t\u00e1vfel\u00fcgyeltet biztos\u00edt\u00f3 c\u00e9g tett bejelent\u00e9st a rend\u0151rs\u00e9gre 2023. febru\u00e1r 7-\u00e9n nem sokkal \u00e9jf\u00e9l ut\u00e1n, hogy a fel\u00fcgyelet\u00fck alatt \u00e1ll\u00f3 egyik veszpr\u00e9mi benzink\u00fatra \u2013 az \u00fczlet z\u00e1rva tart\u00e1s\u00e1nak idej\u00e9n \u2013 ismeretlen szem\u00e9ly illet\u00e9ktelen\u00fcl behatolt.<br \/>\nA ki\u00e9rkez\u0151 rend\u0151rj\u00e1r\u0151r az \u00fczletet m\u00e1r \u00fcresen tal\u00e1lta, viszont a helysz\u00edni adatgy\u0171jt\u00e9st k\u00f6vet\u0151en siker\u00fclt azonos\u00edtani az illet\u00e9ktelen szem\u00e9lyt, aki mind\u00f6ssze egy energiaitalt lopott el a benzink\u00fatr\u00f3l.<br \/>\nA 30 \u00e9ves szentkir\u00e1lyszabadjai f\u00e9rfit aznap reggel lak\u00e1s\u00e1r\u00f3l el\u0151\u00e1ll\u00edtott\u00e1k a Veszpr\u00e9mi Rend\u0151rkapit\u00e1nys\u00e1gra. A f\u00e9rfit lop\u00e1s v\u00e9ts\u00e9ge miatt gyan\u00fas\u00edtottk\u00e9nt hallgatt\u00e1k ki.<\/p>\n<p><a href=\"http:\/\/biztonsagosveszprem.hu\/wp-content\/uploads\/2023\/02\/bilincs.jpg\"><img loading=\"lazy\" class=\"aligncenter size-full wp-image-7967\" src=\"http:\/\/biztonsagosveszprem.hu\/wp-content\/uploads\/2023\/02\/bilincs.jpg\" alt=\"\" width=\"1288\" height=\"916\" srcset=\"http:\/\/biztonsagosveszprem.hu\/wp-content\/uploads\/2023\/02\/bilincs.jpg 1288w, http:\/\/biztonsagosveszprem.hu\/wp-content\/uploads\/2023\/02\/bilincs-300x213.jpg 300w, http:\/\/biztonsagosveszprem.hu\/wp-content\/uploads\/2023\/02\/bilincs-1024x728.jpg 1024w, http:\/\/biztonsagosveszprem.hu\/wp-content\/uploads\/2023\/02\/bilincs-768x546.jpg 768w\" sizes=\"(max-width: 1288px) 100vw, 1288px\" \/><\/a><\/p>\n<p>&nbsp;<\/p>\n","protected":false},"excerpt":{"rendered":"<p>El\u0151\u00e1ll\u00edtott\u00e1k a rend\u0151r\u00f6k a benzinkutas tolvajt. Az egyik t\u00e1vfel\u00fcgyeltet biztos\u00edt\u00f3 c\u00e9g tett bejelent\u00e9st a rend\u0151rs\u00e9gre 2023. febru\u00e1r 7-\u00e9n nem sokkal \u00e9jf\u00e9l ut\u00e1n, hogy a fel\u00fcgyelet\u00fck alatt \u00e1ll\u00f3 egyik veszpr\u00e9mi benzink\u00fatra \u2013 az \u00fczlet z\u00e1rva tart\u00e1s\u00e1nak idej\u00e9n \u2013 ismeretlen szem\u00e9ly illet\u00e9ktelen\u00fcl &hellip; <a href=\"http:\/\/biztonsagosveszprem.hu\/?p=7965\">Egy kattint\u00e1s ide a folytat\u00e1shoz&#8230;. <span class=\"meta-nav\">&rarr;<\/span><\/a><\/p>\n","protected":false},"author":1,"featured_media":0,"comment_status":"closed","ping_status":"open","sticky":false,"template":"","format":"standard","meta":[],"categories":[4,3],"tags":[],"_links":{"self":[{"href":"http:\/\/biztonsagosveszprem.hu\/index.php?rest_route=\/wp\/v2\/posts\/7965"}],"collection":[{"href":"http:\/\/biztonsagosveszprem.hu\/index.php?rest_route=\/wp\/v2\/posts"}],"about":[{"href":"http:\/\/biztonsagosveszprem.hu\/index.php?rest_route=\/wp\/v2\/types\/post"}],"author":[{"embeddable":true,"href":"http:\/\/biztonsagosveszprem.hu\/index.php?rest_route=\/wp\/v2\/users\/1"}],"replies":[{"embeddable":true,"href":"http:\/\/biztonsagosveszprem.hu\/index.php?rest_route=%2Fwp%2Fv2%2Fcomments&post=7965"}],"version-history":[{"count":1,"href":"http:\/\/biztonsagosveszprem.hu\/index.php?rest_route=\/wp\/v2\/posts\/7965\/revisions"}],"predecessor-version":[{"id":7968,"href":"http:\/\/biztonsagosveszprem.hu\/index.php?rest_route=\/wp\/v2\/posts\/7965\/revisions\/7968"}],"wp:attachment":[{"href":"http:\/\/biztonsagosveszprem.hu\/index.php?rest_route=%2Fwp%2Fv2%2Fmedia&parent=7965"}],"wp:term":[{"taxonomy":"category","embeddable":true,"href":"http:\/\/biztonsagosveszprem.hu\/index.php?rest_route=%2Fwp%2Fv2%2Fcategories&post=7965"},{"taxonomy":"post_tag","embeddable":true,"href":"http:\/\/biztonsagosveszprem.hu\/index.php?rest_route=%2Fwp%2Fv2%2Ftags&post=7965"}],"curies":[{"name":"wp","href":"https:\/\/api.w.org\/{rel}","templated":true}]}}