{"id":7962,"date":"2023-02-10T11:15:31","date_gmt":"2023-02-10T09:15:31","guid":{"rendered":"http:\/\/biztonsagosveszprem.hu\/?p=7962"},"modified":"2023-02-10T11:15:31","modified_gmt":"2023-02-10T09:15:31","slug":"szeszes-italokat-lopott-es-egy-talalt-mobiltelefont-is-eltett-a-rendorok-eljarast-inditottak-ellene","status":"publish","type":"post","link":"http:\/\/biztonsagosveszprem.hu\/?p=7962","title":{"rendered":"SZESZES ITALOKAT LOPOTT \u00c9S EGY TAL\u00c1LT MOBILTELEFONT IS ELTETT, A REND\u0150R\u00d6K ELJ\u00c1R\u00c1ST IND\u00cdTOTTAK ELLENE"},"content":{"rendered":"<p><strong>A Veszpr\u00e9mi Rend\u0151rkapit\u00e1nys\u00e1g munkat\u00e1rsai gyan\u00fas\u00edtottk\u00e9nt kihallgatt\u00e1k a 24 \u00e9ves s\u00fcmegi f\u00e9rfit.<\/strong><\/p>\n<p><a href=\"http:\/\/biztonsagosveszprem.hu\/wp-content\/uploads\/2023\/02\/04_333_0.jpg\"><img loading=\"lazy\" class=\"aligncenter size-full wp-image-7963\" src=\"http:\/\/biztonsagosveszprem.hu\/wp-content\/uploads\/2023\/02\/04_333_0.jpg\" alt=\"\" width=\"751\" height=\"500\" srcset=\"http:\/\/biztonsagosveszprem.hu\/wp-content\/uploads\/2023\/02\/04_333_0.jpg 751w, http:\/\/biztonsagosveszprem.hu\/wp-content\/uploads\/2023\/02\/04_333_0-300x200.jpg 300w\" sizes=\"(max-width: 751px) 100vw, 751px\" \/><\/a><\/p>\n<p>Az elj\u00e1r\u00e1s adatai alapj\u00e1n m\u00e1rk\u00e1s szeszes italt lopott el az egyik veszpr\u00e9mi \u00fczletb\u0151l egy 24 \u00e9ves s\u00fcmegi lakos 2023. febru\u00e1r 9-\u00e9n d\u00e9lel\u0151tt. A f\u00e9rfit a bolt biztons\u00e1gi \u0151re az ajt\u00f3ban feltart\u00f3ztatta \u00e9s a biztons\u00e1gi szob\u00e1ba k\u00eds\u00e9rte, ahol a t\u00e1sk\u00e1j\u00e1b\u00f3l el\u0151ker\u00fclt a t\u00f6bb ezer forint \u00e9rt\u00e9k\u0171 ital. Ezt k\u00f6vet\u0151en \u00e9rtes\u00edtett\u00e9k a rend\u0151rs\u00e9get. A ki\u00e9rkez\u0151 rend\u0151r\u00f6k \u00e1ltal beszerzett adatok alapj\u00e1n a f\u00e9rfi ugyanabban a boltban ugyanabb\u00f3l a m\u00e1rk\u00e1j\u00fa szeszes italb\u00f3l ez \u00e9v janu\u00e1r 30-\u00e1n \u00e9s febru\u00e1r 2-\u00e1n is ellopott egy-egy \u00fcveggel, \u00edgy ellene \u00fczletszer\u0171en elk\u00f6vetett lop\u00e1s v\u00e9ts\u00e9g elk\u00f6vet\u00e9s\u00e9nek megalapozott gyan\u00faja miatt indult b\u00fcntet\u0151elj\u00e1r\u00e1s. A Veszpr\u00e9mi Rend\u0151rkapit\u00e1nys\u00e1gra el\u0151\u00e1ll\u00edtott f\u00e9rfi ruh\u00e1zat\u00e1nak \u00e9s t\u00e1sk\u00e1ja tartalm\u00e1nak \u00e1tvizsg\u00e1l\u00e1sakor el\u0151ker\u00fclt egy mobiltelefon is, amelyr\u0151l a gyan\u00fas\u00edtott azt mondta, hogy 2023. janu\u00e1r 8-\u00e1n egy vas\u00fati p\u00e1lyaudvar v\u00e1r\u00f3term\u00e9ben tal\u00e1lta \u00e9s eltette az\u00e9rt, hogy k\u00e9s\u0151bb \u00e9rt\u00e9kes\u00edtse. Mivel a t\u00f6bb mint \u00f6tven ezer forint \u00e9rt\u00e9k\u0171 tal\u00e1lt k\u00e9sz\u00fcl\u00e9ket eltulajdon\u00edtotta, \u00e9s azt sem a hat\u00f3s\u00e1gnak, sem a tulajdonos\u00e1nak nem juttatta el, vele szemben a rend\u0151r\u00f6k jogtalan elsaj\u00e1t\u00edt\u00e1s v\u00e9ts\u00e9g elk\u00f6vet\u00e9se miatt is b\u00fcntet\u0151feljelent\u00e9st tettek.<\/p>\n","protected":false},"excerpt":{"rendered":"<p>A Veszpr\u00e9mi Rend\u0151rkapit\u00e1nys\u00e1g munkat\u00e1rsai gyan\u00fas\u00edtottk\u00e9nt kihallgatt\u00e1k a 24 \u00e9ves s\u00fcmegi f\u00e9rfit. Az elj\u00e1r\u00e1s adatai alapj\u00e1n m\u00e1rk\u00e1s szeszes italt lopott el az egyik veszpr\u00e9mi \u00fczletb\u0151l egy 24 \u00e9ves s\u00fcmegi lakos 2023. febru\u00e1r 9-\u00e9n d\u00e9lel\u0151tt. A f\u00e9rfit a bolt biztons\u00e1gi \u0151re az &hellip; <a href=\"http:\/\/biztonsagosveszprem.hu\/?p=7962\">Egy kattint\u00e1s ide a folytat\u00e1shoz&#8230;. <span class=\"meta-nav\">&rarr;<\/span><\/a><\/p>\n","protected":false},"author":1,"featured_media":0,"comment_status":"closed","ping_status":"open","sticky":false,"template":"","format":"standard","meta":[],"categories":[4,3],"tags":[],"_links":{"self":[{"href":"http:\/\/biztonsagosveszprem.hu\/index.php?rest_route=\/wp\/v2\/posts\/7962"}],"collection":[{"href":"http:\/\/biztonsagosveszprem.hu\/index.php?rest_route=\/wp\/v2\/posts"}],"about":[{"href":"http:\/\/biztonsagosveszprem.hu\/index.php?rest_route=\/wp\/v2\/types\/post"}],"author":[{"embeddable":true,"href":"http:\/\/biztonsagosveszprem.hu\/index.php?rest_route=\/wp\/v2\/users\/1"}],"replies":[{"embeddable":true,"href":"http:\/\/biztonsagosveszprem.hu\/index.php?rest_route=%2Fwp%2Fv2%2Fcomments&post=7962"}],"version-history":[{"count":1,"href":"http:\/\/biztonsagosveszprem.hu\/index.php?rest_route=\/wp\/v2\/posts\/7962\/revisions"}],"predecessor-version":[{"id":7964,"href":"http:\/\/biztonsagosveszprem.hu\/index.php?rest_route=\/wp\/v2\/posts\/7962\/revisions\/7964"}],"wp:attachment":[{"href":"http:\/\/biztonsagosveszprem.hu\/index.php?rest_route=%2Fwp%2Fv2%2Fmedia&parent=7962"}],"wp:term":[{"taxonomy":"category","embeddable":true,"href":"http:\/\/biztonsagosveszprem.hu\/index.php?rest_route=%2Fwp%2Fv2%2Fcategories&post=7962"},{"taxonomy":"post_tag","embeddable":true,"href":"http:\/\/biztonsagosveszprem.hu\/index.php?rest_route=%2Fwp%2Fv2%2Ftags&post=7962"}],"curies":[{"name":"wp","href":"https:\/\/api.w.org\/{rel}","templated":true}]}}