{"id":7959,"date":"2023-02-10T09:06:23","date_gmt":"2023-02-10T07:06:23","guid":{"rendered":"http:\/\/biztonsagosveszprem.hu\/?p=7959"},"modified":"2023-02-10T09:06:23","modified_gmt":"2023-02-10T07:06:23","slug":"nyilt-napon-vartak-a-rendeszeti-palya-irant-erdeklodoket-zircen","status":"publish","type":"post","link":"http:\/\/biztonsagosveszprem.hu\/?p=7959","title":{"rendered":"NY\u00cdLT NAPON V\u00c1RT\u00c1K A REND\u00c9SZETI P\u00c1LYA IR\u00c1NT \u00c9RDEKL\u0150D\u0150KET ZIRCEN"},"content":{"rendered":"<p><strong>A rend\u0151ri hivat\u00e1st n\u00e9pszer\u0171s\u00edtett\u00e9k az egyenruh\u00e1sok.<\/strong><\/p>\n<p><a href=\"http:\/\/biztonsagosveszprem.hu\/wp-content\/uploads\/2023\/02\/zirci-nyilt-nap.jpg\"><img loading=\"lazy\" class=\"aligncenter size-full wp-image-7960\" src=\"http:\/\/biztonsagosveszprem.hu\/wp-content\/uploads\/2023\/02\/zirci-nyilt-nap.jpg\" alt=\"\" width=\"751\" height=\"500\" srcset=\"http:\/\/biztonsagosveszprem.hu\/wp-content\/uploads\/2023\/02\/zirci-nyilt-nap.jpg 751w, http:\/\/biztonsagosveszprem.hu\/wp-content\/uploads\/2023\/02\/zirci-nyilt-nap-300x200.jpg 300w\" sizes=\"(max-width: 751px) 100vw, 751px\" \/><\/a><\/p>\n<div class=\"body-text\">\n<p>A Zirci Rend\u0151r\u0151rs a v\u00e1ros k\u00f6z\u00e9piskol\u00e1inak v\u00e9gz\u0151s di\u00e1kjai r\u00e9sz\u00e9re 2023. febru\u00e1r 7-ra hirdette meg ny\u00edlt napj\u00e1t. A fiataloknak R\u00f3ka Attila rend\u0151r alezredes, \u0151rsparancsnok adott t\u00e1j\u00e9koztat\u00e1st a rend\u0151rs\u00e9g szervezet\u00e9r\u0151l, a k\u00e9pz\u00e9st biztos\u00edt\u00f3 oktat\u00e1si int\u00e9zm\u00e9nyekr\u0151l, a rendv\u00e9delmi technikumok felv\u00e9teli k\u00f6vetelm\u00e9nyeir\u0151l, valamint a jelentkez\u00e9shez sz\u00fcks\u00e9ges alkalmass\u00e1gi felt\u00e9telekr\u0151l. Ezt k\u00f6vet\u0151en Hern\u00e1di Andr\u00e1s rend\u0151r \u0151rnagy, \u0151rsparancsnok-helyettes besz\u00e9lt a rend\u0151ri munk\u00e1r\u00f3l, bepillant\u00e1st engedve a szolg\u00e1latteljes\u00edt\u00e9s h\u00e9tk\u00f6znapi feladataiba. V\u00e9g\u00fcl a fiatalok megtekinthett\u00e9k az rend\u0151r\u0151rs \u00e1llom\u00e1nya \u00e1ltal haszn\u00e1lt szolg\u00e1lati felszerel\u00e9seket \u00e9s kipr\u00f3b\u00e1lhatt\u00e1k \u00fcgyess\u00e9g\u00fcket is a l\u00e9zerfegyveres c\u00e9lba l\u00f6v\u00e9ssel.<\/p>\n<\/div>\n","protected":false},"excerpt":{"rendered":"<p>A rend\u0151ri hivat\u00e1st n\u00e9pszer\u0171s\u00edtett\u00e9k az egyenruh\u00e1sok. A Zirci Rend\u0151r\u0151rs a v\u00e1ros k\u00f6z\u00e9piskol\u00e1inak v\u00e9gz\u0151s di\u00e1kjai r\u00e9sz\u00e9re 2023. febru\u00e1r 7-ra hirdette meg ny\u00edlt napj\u00e1t. A fiataloknak R\u00f3ka Attila rend\u0151r alezredes, \u0151rsparancsnok adott t\u00e1j\u00e9koztat\u00e1st a rend\u0151rs\u00e9g szervezet\u00e9r\u0151l, a k\u00e9pz\u00e9st biztos\u00edt\u00f3 oktat\u00e1si int\u00e9zm\u00e9nyekr\u0151l, a &hellip; <a href=\"http:\/\/biztonsagosveszprem.hu\/?p=7959\">Egy kattint\u00e1s ide a folytat\u00e1shoz&#8230;. <span class=\"meta-nav\">&rarr;<\/span><\/a><\/p>\n","protected":false},"author":1,"featured_media":0,"comment_status":"closed","ping_status":"open","sticky":false,"template":"","format":"standard","meta":[],"categories":[4,3],"tags":[],"_links":{"self":[{"href":"http:\/\/biztonsagosveszprem.hu\/index.php?rest_route=\/wp\/v2\/posts\/7959"}],"collection":[{"href":"http:\/\/biztonsagosveszprem.hu\/index.php?rest_route=\/wp\/v2\/posts"}],"about":[{"href":"http:\/\/biztonsagosveszprem.hu\/index.php?rest_route=\/wp\/v2\/types\/post"}],"author":[{"embeddable":true,"href":"http:\/\/biztonsagosveszprem.hu\/index.php?rest_route=\/wp\/v2\/users\/1"}],"replies":[{"embeddable":true,"href":"http:\/\/biztonsagosveszprem.hu\/index.php?rest_route=%2Fwp%2Fv2%2Fcomments&post=7959"}],"version-history":[{"count":1,"href":"http:\/\/biztonsagosveszprem.hu\/index.php?rest_route=\/wp\/v2\/posts\/7959\/revisions"}],"predecessor-version":[{"id":7961,"href":"http:\/\/biztonsagosveszprem.hu\/index.php?rest_route=\/wp\/v2\/posts\/7959\/revisions\/7961"}],"wp:attachment":[{"href":"http:\/\/biztonsagosveszprem.hu\/index.php?rest_route=%2Fwp%2Fv2%2Fmedia&parent=7959"}],"wp:term":[{"taxonomy":"category","embeddable":true,"href":"http:\/\/biztonsagosveszprem.hu\/index.php?rest_route=%2Fwp%2Fv2%2Fcategories&post=7959"},{"taxonomy":"post_tag","embeddable":true,"href":"http:\/\/biztonsagosveszprem.hu\/index.php?rest_route=%2Fwp%2Fv2%2Ftags&post=7959"}],"curies":[{"name":"wp","href":"https:\/\/api.w.org\/{rel}","templated":true}]}}