{"id":7955,"date":"2023-02-09T07:20:27","date_gmt":"2023-02-09T05:20:27","guid":{"rendered":"http:\/\/biztonsagosveszprem.hu\/?p=7955"},"modified":"2023-02-09T07:20:27","modified_gmt":"2023-02-09T05:20:27","slug":"meg-idoben-erkezett-a-segitseg-a-rendorok-futott-helyre-szallitottak-a-ferfit","status":"publish","type":"post","link":"http:\/\/biztonsagosveszprem.hu\/?p=7955","title":{"rendered":"M\u00c9G ID\u0150BEN \u00c9RKEZETT A SEG\u00cdTS\u00c9G \u2013 A REND\u0150R\u00d6K F\u0170T\u00d6TT HELYRE SZ\u00c1LL\u00cdTOTT\u00c1K A F\u00c9RFIT"},"content":{"rendered":"<p><strong>A veszpr\u00e9mi egyenruh\u00e1sok biztons\u00e1gi int\u00e9zked\u00e9s keret\u00e9ben seg\u00edtettek egy 34 \u00e9ves f\u00e9rfinak f\u0171t\u00f6tt helyre jutni.<\/strong><\/p>\n<p><a href=\"http:\/\/biztonsagosveszprem.hu\/wp-content\/uploads\/2023\/02\/logo4_1.jpg\"><img loading=\"lazy\" class=\"aligncenter size-full wp-image-7956\" src=\"http:\/\/biztonsagosveszprem.hu\/wp-content\/uploads\/2023\/02\/logo4_1.jpg\" alt=\"\" width=\"751\" height=\"500\" srcset=\"http:\/\/biztonsagosveszprem.hu\/wp-content\/uploads\/2023\/02\/logo4_1.jpg 751w, http:\/\/biztonsagosveszprem.hu\/wp-content\/uploads\/2023\/02\/logo4_1-300x200.jpg 300w\" sizes=\"(max-width: 751px) 100vw, 751px\" \/><\/a><\/p>\n<p>\u00c1llampolg\u00e1ri bejelent\u00e9s \u00e9rkezett a rend\u0151rs\u00e9gre 2023. febru\u00e1r 6-\u00e1n nem sokkal \u00e9jf\u00e9l el\u0151tt arr\u00f3l, hogy a veszpr\u00e9mi aut\u00f3busz-\u00e1llom\u00e1s v\u00e1r\u00f3terme el\u0151tt tart\u00f3zkodik egy szem\u00e9ly, akinek \u00e9lete, testi \u00e9ps\u00e9ge a hideg t\u00e9li id\u0151j\u00e1r\u00e1s miatt vesz\u00e9lyben lehet. A helysz\u00ednre \u00e9rkez\u0151 j\u00e1r\u0151r\u00f6k a 34 \u00e9ves f\u00e9rfit biztons\u00e1gi int\u00e9zked\u00e9s keret\u00e9ben szolg\u00e1lati g\u00e9pkocsival a v\u00e1rmegyesz\u00e9khelyi hajl\u00e9ktalan sz\u00e1ll\u00f3ra sz\u00e1ll\u00edtott\u00e1k, majd ott az int\u00e9zm\u00e9ny szem\u00e9lyzet\u00e9nek \u00e1tadt\u00e1k. A bajbajutott f\u00e9rfi elmondta, hogy az utols\u00f3 aut\u00f3buszt, mellyel hazajuthatott volna Baranya v\u00e1rmegy\u00e9be, lek\u00e9ste, Veszpr\u00e9mben pedig nem ismert arra alkalmas helyet, ahol az \u00e9jszak\u00e1t \u00e1tv\u00e9szelheti.<\/p>\n<p>A Veszpr\u00e9m V\u00e1rmegyei Rend\u0151r-f\u0151kapit\u00e1nys\u00e1g az al\u00e1bbiakra h\u00edvja fel a lakoss\u00e1g figyelm\u00e9t:<\/p>\n<ul>\n<li>Amennyiben k\u00f6zter\u00fcleten olyan embert l\u00e1tnak, aki seg\u00edts\u00e9gre szorul, ne menjenek el mellette, \u00e9rtes\u00edts\u00e9k a ment\u0151ket vagy a rend\u0151rs\u00e9get.<\/li>\n<li>K\u00e9rj\u00fck, hogy a megv\u00e1ltozott id\u0151j\u00e1r\u00e1sra tekintettel jobban figyeljenek a k\u00f6rnyezet\u00fckben \u00e9l\u0151 mag\u00e1nyos \u00e9s id\u0151s emberekre, valamint a fed\u00e9l n\u00e9lk\u00fcl \u00e9l\u0151kre.<\/li>\n<li>Rendk\u00edv\u00fcl fontos, hogy seg\u00edts\u00fcnk bajba jutott embert\u00e1rsainknak, hiszen ezzel \u00e9letet menthet\u00fcnk, illetve megel\u0151zhetj\u00fck, hogy a kiszolg\u00e1ltatott helyzetben l\u00e9v\u0151k b\u0171ncselekm\u00e9ny \u00e1ldozataiv\u00e1 v\u00e1ljanak.<\/li>\n<li>Az id\u0151s, egyed\u00fcl \u00e9l\u0151 csal\u00e1dtagokat, szomsz\u00e9dokat, ismer\u0151s\u00f6ket, gyakrabban l\u00e1togass\u00e1k meg, ellen\u0151riz\u00e9k, hogy f\u00fcst\u00f6l-e a h\u00e1zuk k\u00e9m\u00e9nye, van-e el\u00e9g t\u00fczel\u0151j\u00fck, k\u00e9pesek-e \u00f6n\u00e1ll\u00f3an bef\u0171teni otthonukat.<\/li>\n<li>A mag\u00e1nyosan \u00e9l\u0151 id\u0151s vagy b\u00e1rmilyen okb\u00f3l r\u00e1szorul\u00f3 emberek nemcsak eg\u00e9szs\u00e9gi \u00e1llapotuk miatt lehetnek vesz\u00e9lyben, hanem k\u00f6nnyen v\u00e1lhatnak b\u0171ncselekm\u00e9ny \u00e1ldozataiv\u00e1 is. Fontos, hogy t\u00e1j\u00e9koztassuk \u0151ket, felh\u00edvjuk a figyelm\u00fcket arra, hogy otthonukba ne engedjenek be idegeneket, ha ismeretlen, gyan\u00fasan viselked\u0151 szem\u00e9lyek keresik fel \u0151ket, azonnal \u00e9rtes\u00edts\u00e9k a rend\u0151rs\u00e9get a 112-es seg\u00e9lyh\u00edv\u00f3 sz\u00e1mon.<\/li>\n<\/ul>\n","protected":false},"excerpt":{"rendered":"<p>A veszpr\u00e9mi egyenruh\u00e1sok biztons\u00e1gi int\u00e9zked\u00e9s keret\u00e9ben seg\u00edtettek egy 34 \u00e9ves f\u00e9rfinak f\u0171t\u00f6tt helyre jutni. \u00c1llampolg\u00e1ri bejelent\u00e9s \u00e9rkezett a rend\u0151rs\u00e9gre 2023. febru\u00e1r 6-\u00e1n nem sokkal \u00e9jf\u00e9l el\u0151tt arr\u00f3l, hogy a veszpr\u00e9mi aut\u00f3busz-\u00e1llom\u00e1s v\u00e1r\u00f3terme el\u0151tt tart\u00f3zkodik egy szem\u00e9ly, akinek \u00e9lete, testi \u00e9ps\u00e9ge &hellip; <a href=\"http:\/\/biztonsagosveszprem.hu\/?p=7955\">Egy kattint\u00e1s ide a folytat\u00e1shoz&#8230;. <span class=\"meta-nav\">&rarr;<\/span><\/a><\/p>\n","protected":false},"author":1,"featured_media":0,"comment_status":"closed","ping_status":"open","sticky":false,"template":"","format":"standard","meta":[],"categories":[4,3],"tags":[],"_links":{"self":[{"href":"http:\/\/biztonsagosveszprem.hu\/index.php?rest_route=\/wp\/v2\/posts\/7955"}],"collection":[{"href":"http:\/\/biztonsagosveszprem.hu\/index.php?rest_route=\/wp\/v2\/posts"}],"about":[{"href":"http:\/\/biztonsagosveszprem.hu\/index.php?rest_route=\/wp\/v2\/types\/post"}],"author":[{"embeddable":true,"href":"http:\/\/biztonsagosveszprem.hu\/index.php?rest_route=\/wp\/v2\/users\/1"}],"replies":[{"embeddable":true,"href":"http:\/\/biztonsagosveszprem.hu\/index.php?rest_route=%2Fwp%2Fv2%2Fcomments&post=7955"}],"version-history":[{"count":1,"href":"http:\/\/biztonsagosveszprem.hu\/index.php?rest_route=\/wp\/v2\/posts\/7955\/revisions"}],"predecessor-version":[{"id":7957,"href":"http:\/\/biztonsagosveszprem.hu\/index.php?rest_route=\/wp\/v2\/posts\/7955\/revisions\/7957"}],"wp:attachment":[{"href":"http:\/\/biztonsagosveszprem.hu\/index.php?rest_route=%2Fwp%2Fv2%2Fmedia&parent=7955"}],"wp:term":[{"taxonomy":"category","embeddable":true,"href":"http:\/\/biztonsagosveszprem.hu\/index.php?rest_route=%2Fwp%2Fv2%2Fcategories&post=7955"},{"taxonomy":"post_tag","embeddable":true,"href":"http:\/\/biztonsagosveszprem.hu\/index.php?rest_route=%2Fwp%2Fv2%2Ftags&post=7955"}],"curies":[{"name":"wp","href":"https:\/\/api.w.org\/{rel}","templated":true}]}}