{"id":7952,"date":"2023-02-06T14:29:26","date_gmt":"2023-02-06T12:29:26","guid":{"rendered":"http:\/\/biztonsagosveszprem.hu\/?p=7952"},"modified":"2023-02-06T14:29:26","modified_gmt":"2023-02-06T12:29:26","slug":"eloszor-kabellel-utott-majd-bozotvago-kessel-fenyegetozott","status":"publish","type":"post","link":"http:\/\/biztonsagosveszprem.hu\/?p=7952","title":{"rendered":"EL\u0150SZ\u00d6R K\u00c1BELLEL \u00dcT\u00d6TT, MAJD BOZ\u00d3TV\u00c1G\u00d3 K\u00c9SSEL FENYEGET\u0150Z\u00d6TT"},"content":{"rendered":"<p><strong>A 80 \u00e9ves veszpr\u00e9mi f\u00e9rfit felfegyverkezve elk\u00f6vetett gar\u00e1zdas\u00e1g miatt hallgatt\u00e1k ki a nyomoz\u00f3k gyan\u00fas\u00edtottk\u00e9nt.<\/strong><\/p>\n<p><a href=\"http:\/\/biztonsagosveszprem.hu\/wp-content\/uploads\/2023\/02\/kes_29.jpg\"><img loading=\"lazy\" class=\"aligncenter size-full wp-image-7953\" src=\"http:\/\/biztonsagosveszprem.hu\/wp-content\/uploads\/2023\/02\/kes_29.jpg\" alt=\"\" width=\"751\" height=\"500\" srcset=\"http:\/\/biztonsagosveszprem.hu\/wp-content\/uploads\/2023\/02\/kes_29.jpg 751w, http:\/\/biztonsagosveszprem.hu\/wp-content\/uploads\/2023\/02\/kes_29-300x200.jpg 300w\" sizes=\"(max-width: 751px) 100vw, 751px\" \/><\/a><\/p>\n<p>\u00c1llampolg\u00e1ri bejelent\u00e9s \u00e9rkezett a rend\u0151rs\u00e9gre 2023. febru\u00e1r 2-\u00e1n d\u00e9lel\u0151tt arr\u00f3l, hogy Veszpr\u00e9m k\u00fclter\u00fclet\u00e9n egy szem\u00e9lyt boz\u00f3tv\u00e1g\u00f3 k\u00e9ssel megt\u00e1madtak. A ki\u00e9rkez\u0151 k\u00f6rzeti megb\u00edzott meg\u00e1llap\u00edtotta, hogy egy parkol\u00e1si konfliktus kapcs\u00e1n a bejelent\u0151 \u00e9s egy ott ingatlantulajdonnal rendelkez\u0151 f\u00e9rfi \u00f6sszesz\u00f3lalkozott. Ut\u00f3bbi oly m\u00f3don adott nyomat\u00e9kot felh\u00e1borod\u00e1s\u00e1nak, hogy aut\u00f3j\u00e1b\u00f3l el\u0151vett egy fa\u00e1gra h\u00fazott k\u00e1beldarabot, mellyel t\u00f6bb \u00fct\u00e9st m\u00e9rt a s\u00e9rtettre. Az \u00fctlegel\u00e9snek az vetett v\u00e9get, hogy a bejelent\u0151 a k\u00e1beldarabot t\u00e1mad\u00f3j\u00e1t\u00f3l elvette, \u00e9s azt eldobta. Ekkor a 80 \u00e9ves f\u00e9rfi egy boz\u00f3tv\u00e1g\u00f3 k\u00e9st vett el\u0151 j\u00e1rm\u0171v\u00e9nek csomagtart\u00f3j\u00e1b\u00f3l, majd azzal fenyegette meg a m\u00e1sikat annak jelenl\u00e9v\u0151 hozz\u00e1tartoz\u00f3i el\u0151tt.<\/p>\n<p>A rend\u0151r\u00f6k a helysz\u00ednen elfogt\u00e1k a f\u00e9rfit, majd el\u0151\u00e1ll\u00edtott\u00e1k Veszpr\u00e9mi Rend\u0151rkapit\u00e1nys\u00e1gra, \u00e9s a nyomoz\u00f3k gyan\u00fas\u00edtottk\u00e9nt kihallgatt\u00e1k. Ellene felfegyverkezve elk\u00f6vetett gar\u00e1zdas\u00e1g b\u0171ntett elk\u00f6vet\u00e9s\u00e9nek megalapozott gyan\u00faja miatt indult b\u00fcntet\u0151elj\u00e1r\u00e1s.<\/p>\n","protected":false},"excerpt":{"rendered":"<p>A 80 \u00e9ves veszpr\u00e9mi f\u00e9rfit felfegyverkezve elk\u00f6vetett gar\u00e1zdas\u00e1g miatt hallgatt\u00e1k ki a nyomoz\u00f3k gyan\u00fas\u00edtottk\u00e9nt. \u00c1llampolg\u00e1ri bejelent\u00e9s \u00e9rkezett a rend\u0151rs\u00e9gre 2023. febru\u00e1r 2-\u00e1n d\u00e9lel\u0151tt arr\u00f3l, hogy Veszpr\u00e9m k\u00fclter\u00fclet\u00e9n egy szem\u00e9lyt boz\u00f3tv\u00e1g\u00f3 k\u00e9ssel megt\u00e1madtak. A ki\u00e9rkez\u0151 k\u00f6rzeti megb\u00edzott meg\u00e1llap\u00edtotta, hogy egy parkol\u00e1si &hellip; <a href=\"http:\/\/biztonsagosveszprem.hu\/?p=7952\">Egy kattint\u00e1s ide a folytat\u00e1shoz&#8230;. <span class=\"meta-nav\">&rarr;<\/span><\/a><\/p>\n","protected":false},"author":1,"featured_media":0,"comment_status":"closed","ping_status":"open","sticky":false,"template":"","format":"standard","meta":[],"categories":[4,3],"tags":[],"_links":{"self":[{"href":"http:\/\/biztonsagosveszprem.hu\/index.php?rest_route=\/wp\/v2\/posts\/7952"}],"collection":[{"href":"http:\/\/biztonsagosveszprem.hu\/index.php?rest_route=\/wp\/v2\/posts"}],"about":[{"href":"http:\/\/biztonsagosveszprem.hu\/index.php?rest_route=\/wp\/v2\/types\/post"}],"author":[{"embeddable":true,"href":"http:\/\/biztonsagosveszprem.hu\/index.php?rest_route=\/wp\/v2\/users\/1"}],"replies":[{"embeddable":true,"href":"http:\/\/biztonsagosveszprem.hu\/index.php?rest_route=%2Fwp%2Fv2%2Fcomments&post=7952"}],"version-history":[{"count":1,"href":"http:\/\/biztonsagosveszprem.hu\/index.php?rest_route=\/wp\/v2\/posts\/7952\/revisions"}],"predecessor-version":[{"id":7954,"href":"http:\/\/biztonsagosveszprem.hu\/index.php?rest_route=\/wp\/v2\/posts\/7952\/revisions\/7954"}],"wp:attachment":[{"href":"http:\/\/biztonsagosveszprem.hu\/index.php?rest_route=%2Fwp%2Fv2%2Fmedia&parent=7952"}],"wp:term":[{"taxonomy":"category","embeddable":true,"href":"http:\/\/biztonsagosveszprem.hu\/index.php?rest_route=%2Fwp%2Fv2%2Fcategories&post=7952"},{"taxonomy":"post_tag","embeddable":true,"href":"http:\/\/biztonsagosveszprem.hu\/index.php?rest_route=%2Fwp%2Fv2%2Ftags&post=7952"}],"curies":[{"name":"wp","href":"https:\/\/api.w.org\/{rel}","templated":true}]}}