{"id":7948,"date":"2023-02-02T13:44:30","date_gmt":"2023-02-02T11:44:30","guid":{"rendered":"http:\/\/biztonsagosveszprem.hu\/?p=7948"},"modified":"2023-02-02T13:44:30","modified_gmt":"2023-02-02T11:44:30","slug":"letert-az-utrol-es-fanak-utkozott-autojaval-az-ittas-sofor","status":"publish","type":"post","link":"http:\/\/biztonsagosveszprem.hu\/?p=7948","title":{"rendered":"LET\u00c9RT AZ \u00daTR\u00d3L \u00c9S F\u00c1NAK \u00dcTK\u00d6Z\u00d6TT AUT\u00d3J\u00c1VAL AZ ITTAS SOF\u0150R"},"content":{"rendered":"<p><strong>J\u00e1rm\u0171vezet\u00e9s ittas \u00e1llapotban v\u00e9ts\u00e9g miatt indult elj\u00e1r\u00e1s egy 58 \u00e9ves f\u00e9rfi ellen, a Veszpr\u00e9mi Rend\u0151rkapit\u00e1nys\u00e1g befejezte az \u00fcgy vizsg\u00e1lat\u00e1t.<\/strong><\/p>\n<p><a href=\"http:\/\/biztonsagosveszprem.hu\/wp-content\/uploads\/2023\/02\/Baleset-3.png\"><img loading=\"lazy\" class=\"aligncenter size-full wp-image-7949\" src=\"http:\/\/biztonsagosveszprem.hu\/wp-content\/uploads\/2023\/02\/Baleset-3.png\" alt=\"\" width=\"751\" height=\"500\" srcset=\"http:\/\/biztonsagosveszprem.hu\/wp-content\/uploads\/2023\/02\/Baleset-3.png 751w, http:\/\/biztonsagosveszprem.hu\/wp-content\/uploads\/2023\/02\/Baleset-3-300x200.png 300w\" sizes=\"(max-width: 751px) 100vw, 751px\" \/><\/a><\/p>\n<p>Az elj\u00e1r\u00e1s adatai szerint a Balatonf\u00fcred-k\u00f6rny\u00e9ki kistelep\u00fcl\u00e9s\u00e9n lak\u00f3 f\u00e9rfi 2022. december 2-\u00e1n d\u00e9lut\u00e1n g\u00e9pkocsival k\u00f6zlekedett V\u00f6r\u00f6st\u00f3 fel\u0151l Barnag ir\u00e1ny\u00e1ba. Halad\u00e1sa sor\u00e1n egy egyenes \u00fatszakaszon a nedves aszfalton megcs\u00faszott j\u00e1rm\u0171v\u00e9vel, t\u00f6bbsz\u00f6r megp\u00f6rd\u00fclt, majd \u00a0a \u00a0menetir\u00e1nya szerint bal oldali f\u00fcves ter\u00fcletre sodr\u00f3dott \u00e9s egy f\u00e1nak csap\u00f3dott. A baleset k\u00f6vetkezt\u00e9ben mind a j\u00e1rm\u0171vezet\u0151, mind pedig a jobb els\u0151 \u00fcl\u00e9sen \u00fcl\u0151 utasa s\u00falyos s\u00e9r\u00fcl\u00e9seket szenvedett. A sof\u0151rrel szemben v\u00e9gzett alkoholszond\u00e1s vizsg\u00e1lat pozit\u00edv \u00e9rt\u00e9ket mutatott. A f\u00e9rfi ellen j\u00e1rm\u0171vezet\u00e9s ittas \u00e1llapotban v\u00e9ts\u00e9g elk\u00f6vet\u00e9s\u00e9nek megalapozott gyan\u00faja miatt folyt b\u00fcntet\u0151elj\u00e1r\u00e1s.<\/p>\n<p>A nyomoz\u00e1s vizsg\u00e1lati szakasz\u00e1ban a Veszpr\u00e9mi Rend\u0151rkapit\u00e1nys\u00e1g a sz\u00fcks\u00e9ges elj\u00e1r\u00e1si cselekm\u00e9nyeket elv\u00e9gezte, \u00e9s az iratokat \u00e1tadta az illet\u00e9kes \u00fcgy\u00e9szs\u00e9gnek.<\/p>\n<p><a href=\"http:\/\/biztonsagosveszprem.hu\/wp-content\/uploads\/2023\/02\/Baleset-1.png\"><img loading=\"lazy\" class=\"aligncenter size-full wp-image-7950\" src=\"http:\/\/biztonsagosveszprem.hu\/wp-content\/uploads\/2023\/02\/Baleset-1.png\" alt=\"\" width=\"552\" height=\"417\" srcset=\"http:\/\/biztonsagosveszprem.hu\/wp-content\/uploads\/2023\/02\/Baleset-1.png 552w, http:\/\/biztonsagosveszprem.hu\/wp-content\/uploads\/2023\/02\/Baleset-1-300x227.png 300w\" sizes=\"(max-width: 552px) 100vw, 552px\" \/><\/a><\/p>\n<p>&nbsp;<\/p>\n","protected":false},"excerpt":{"rendered":"<p>J\u00e1rm\u0171vezet\u00e9s ittas \u00e1llapotban v\u00e9ts\u00e9g miatt indult elj\u00e1r\u00e1s egy 58 \u00e9ves f\u00e9rfi ellen, a Veszpr\u00e9mi Rend\u0151rkapit\u00e1nys\u00e1g befejezte az \u00fcgy vizsg\u00e1lat\u00e1t. Az elj\u00e1r\u00e1s adatai szerint a Balatonf\u00fcred-k\u00f6rny\u00e9ki kistelep\u00fcl\u00e9s\u00e9n lak\u00f3 f\u00e9rfi 2022. december 2-\u00e1n d\u00e9lut\u00e1n g\u00e9pkocsival k\u00f6zlekedett V\u00f6r\u00f6st\u00f3 fel\u0151l Barnag ir\u00e1ny\u00e1ba. Halad\u00e1sa sor\u00e1n &hellip; <a href=\"http:\/\/biztonsagosveszprem.hu\/?p=7948\">Egy kattint\u00e1s ide a folytat\u00e1shoz&#8230;. <span class=\"meta-nav\">&rarr;<\/span><\/a><\/p>\n","protected":false},"author":1,"featured_media":0,"comment_status":"closed","ping_status":"open","sticky":false,"template":"","format":"standard","meta":[],"categories":[4,3],"tags":[],"_links":{"self":[{"href":"http:\/\/biztonsagosveszprem.hu\/index.php?rest_route=\/wp\/v2\/posts\/7948"}],"collection":[{"href":"http:\/\/biztonsagosveszprem.hu\/index.php?rest_route=\/wp\/v2\/posts"}],"about":[{"href":"http:\/\/biztonsagosveszprem.hu\/index.php?rest_route=\/wp\/v2\/types\/post"}],"author":[{"embeddable":true,"href":"http:\/\/biztonsagosveszprem.hu\/index.php?rest_route=\/wp\/v2\/users\/1"}],"replies":[{"embeddable":true,"href":"http:\/\/biztonsagosveszprem.hu\/index.php?rest_route=%2Fwp%2Fv2%2Fcomments&post=7948"}],"version-history":[{"count":1,"href":"http:\/\/biztonsagosveszprem.hu\/index.php?rest_route=\/wp\/v2\/posts\/7948\/revisions"}],"predecessor-version":[{"id":7951,"href":"http:\/\/biztonsagosveszprem.hu\/index.php?rest_route=\/wp\/v2\/posts\/7948\/revisions\/7951"}],"wp:attachment":[{"href":"http:\/\/biztonsagosveszprem.hu\/index.php?rest_route=%2Fwp%2Fv2%2Fmedia&parent=7948"}],"wp:term":[{"taxonomy":"category","embeddable":true,"href":"http:\/\/biztonsagosveszprem.hu\/index.php?rest_route=%2Fwp%2Fv2%2Fcategories&post=7948"},{"taxonomy":"post_tag","embeddable":true,"href":"http:\/\/biztonsagosveszprem.hu\/index.php?rest_route=%2Fwp%2Fv2%2Ftags&post=7948"}],"curies":[{"name":"wp","href":"https:\/\/api.w.org\/{rel}","templated":true}]}}