{"id":7944,"date":"2023-02-02T13:09:20","date_gmt":"2023-02-02T11:09:20","guid":{"rendered":"http:\/\/biztonsagosveszprem.hu\/?p=7944"},"modified":"2023-02-02T13:09:20","modified_gmt":"2023-02-02T11:09:20","slug":"felgyujtotta-a-szemetgyujto-kontenereket-a-rendorok-eljarast-inditottak-ellene","status":"publish","type":"post","link":"http:\/\/biztonsagosveszprem.hu\/?p=7944","title":{"rendered":"FELGY\u00daJTOTTA A SZEM\u00c9TGY\u0170JT\u0150 KONT\u00c9NEREKET, A REND\u0150R\u00d6K ELJ\u00c1R\u00c1ST IND\u00cdTOTTAK ELLENE"},"content":{"rendered":"<p><strong>A Veszpr\u00e9mi Rend\u0151rkapit\u00e1nys\u00e1g munkat\u00e1rsai gyan\u00fas\u00edtottk\u00e9nt kihallgatt\u00e1k a 42 \u00e9ves helyi f\u00e9rfit.<\/strong><\/p>\n<p><a href=\"http:\/\/biztonsagosveszprem.hu\/wp-content\/uploads\/2023\/02\/Kontener.jpg\"><img loading=\"lazy\" class=\"aligncenter size-full wp-image-7945\" src=\"http:\/\/biztonsagosveszprem.hu\/wp-content\/uploads\/2023\/02\/Kontener.jpg\" alt=\"\" width=\"751\" height=\"500\" srcset=\"http:\/\/biztonsagosveszprem.hu\/wp-content\/uploads\/2023\/02\/Kontener.jpg 751w, http:\/\/biztonsagosveszprem.hu\/wp-content\/uploads\/2023\/02\/Kontener-300x200.jpg 300w\" sizes=\"(max-width: 751px) 100vw, 751px\" \/><\/a><\/p>\n<p>K\u00e9t lakoss\u00e1gi bejelent\u00e9s is \u00e9rkezett a Veszpr\u00e9mi Rend\u0151rkapit\u00e1nys\u00e1gra 2023. janu\u00e1r 15-\u00e9re virrad\u00f3 \u00e9jszaka arr\u00f3l, hogy a v\u00e1rosban t\u00f6bb szelekt\u00edv hullad\u00e9kgy\u0171jt\u0151 kont\u00e9ner l\u00e1ngol. A ki\u00e9rkez\u0151 j\u00e1r\u0151r\u0151r\u00f6k meg\u00e1llap\u00edtott\u00e1k, hogy a bejelent\u00e9sek megfelelnek a val\u00f3s\u00e1gnak, majd a katasztr\u00f3fav\u00e9delem munkat\u00e1rsai a t\u00fczet eloltott\u00e1k.<\/p>\n<p>Az adatgy\u0171jt\u00e9s eredm\u00e9nyek\u00e9nt a rend\u0151r\u00f6k azonos\u00edtott\u00e1k azt a szem\u00e9lyt, aki feltehet\u0151en felgy\u00fajtotta a szemeteseket. A 42 \u00e9ves helyi lakost a nyomoz\u00f3k 2023. janu\u00e1r 31-\u00e9n gyan\u00fas\u00edtottk\u00e9nt kihallgatt\u00e1k, melynek sor\u00e1n elismerte tett\u00e9t. Ellene rong\u00e1l\u00e1s v\u00e9ts\u00e9g elk\u00f6vet\u00e9snek megalapozott gyan\u00faja miatt indult b\u00fcntet\u0151elj\u00e1r\u00e1s.<\/p>\n<p><a href=\"http:\/\/biztonsagosveszprem.hu\/wp-content\/uploads\/2023\/02\/Kontener-2.jpg\"><img loading=\"lazy\" class=\"aligncenter size-full wp-image-7946\" src=\"http:\/\/biztonsagosveszprem.hu\/wp-content\/uploads\/2023\/02\/Kontener-2.jpg\" alt=\"\" width=\"751\" height=\"394\" srcset=\"http:\/\/biztonsagosveszprem.hu\/wp-content\/uploads\/2023\/02\/Kontener-2.jpg 751w, http:\/\/biztonsagosveszprem.hu\/wp-content\/uploads\/2023\/02\/Kontener-2-300x157.jpg 300w\" sizes=\"(max-width: 751px) 100vw, 751px\" \/><\/a><\/p>\n<p>&nbsp;<\/p>\n","protected":false},"excerpt":{"rendered":"<p>A Veszpr\u00e9mi Rend\u0151rkapit\u00e1nys\u00e1g munkat\u00e1rsai gyan\u00fas\u00edtottk\u00e9nt kihallgatt\u00e1k a 42 \u00e9ves helyi f\u00e9rfit. K\u00e9t lakoss\u00e1gi bejelent\u00e9s is \u00e9rkezett a Veszpr\u00e9mi Rend\u0151rkapit\u00e1nys\u00e1gra 2023. janu\u00e1r 15-\u00e9re virrad\u00f3 \u00e9jszaka arr\u00f3l, hogy a v\u00e1rosban t\u00f6bb szelekt\u00edv hullad\u00e9kgy\u0171jt\u0151 kont\u00e9ner l\u00e1ngol. A ki\u00e9rkez\u0151 j\u00e1r\u0151r\u0151r\u00f6k meg\u00e1llap\u00edtott\u00e1k, hogy a bejelent\u00e9sek &hellip; <a href=\"http:\/\/biztonsagosveszprem.hu\/?p=7944\">Egy kattint\u00e1s ide a folytat\u00e1shoz&#8230;. <span class=\"meta-nav\">&rarr;<\/span><\/a><\/p>\n","protected":false},"author":1,"featured_media":0,"comment_status":"closed","ping_status":"open","sticky":false,"template":"","format":"standard","meta":[],"categories":[4,3],"tags":[],"_links":{"self":[{"href":"http:\/\/biztonsagosveszprem.hu\/index.php?rest_route=\/wp\/v2\/posts\/7944"}],"collection":[{"href":"http:\/\/biztonsagosveszprem.hu\/index.php?rest_route=\/wp\/v2\/posts"}],"about":[{"href":"http:\/\/biztonsagosveszprem.hu\/index.php?rest_route=\/wp\/v2\/types\/post"}],"author":[{"embeddable":true,"href":"http:\/\/biztonsagosveszprem.hu\/index.php?rest_route=\/wp\/v2\/users\/1"}],"replies":[{"embeddable":true,"href":"http:\/\/biztonsagosveszprem.hu\/index.php?rest_route=%2Fwp%2Fv2%2Fcomments&post=7944"}],"version-history":[{"count":1,"href":"http:\/\/biztonsagosveszprem.hu\/index.php?rest_route=\/wp\/v2\/posts\/7944\/revisions"}],"predecessor-version":[{"id":7947,"href":"http:\/\/biztonsagosveszprem.hu\/index.php?rest_route=\/wp\/v2\/posts\/7944\/revisions\/7947"}],"wp:attachment":[{"href":"http:\/\/biztonsagosveszprem.hu\/index.php?rest_route=%2Fwp%2Fv2%2Fmedia&parent=7944"}],"wp:term":[{"taxonomy":"category","embeddable":true,"href":"http:\/\/biztonsagosveszprem.hu\/index.php?rest_route=%2Fwp%2Fv2%2Fcategories&post=7944"},{"taxonomy":"post_tag","embeddable":true,"href":"http:\/\/biztonsagosveszprem.hu\/index.php?rest_route=%2Fwp%2Fv2%2Ftags&post=7944"}],"curies":[{"name":"wp","href":"https:\/\/api.w.org\/{rel}","templated":true}]}}