{"id":7929,"date":"2023-01-30T10:39:29","date_gmt":"2023-01-30T08:39:29","guid":{"rendered":"http:\/\/biztonsagosveszprem.hu\/?p=7929"},"modified":"2023-01-30T10:39:37","modified_gmt":"2023-01-30T08:39:37","slug":"nyilt-nap-a-veszpremi-rendorkapitanysagon-3","status":"publish","type":"post","link":"http:\/\/biztonsagosveszprem.hu\/?p=7929","title":{"rendered":"NY\u00cdLT NAP A VESZPR\u00c9MI REND\u0150RKAPIT\u00c1NYS\u00c1GON"},"content":{"rendered":"<p><strong>P\u00e1lyav\u00e1laszt\u00e1s el\u0151tt \u00e1ll\u00f3 fiatalok ismerkedhettek meg a rend\u0151ri hivat\u00e1ssal.<\/strong><\/p>\n<p><a href=\"http:\/\/biztonsagosveszprem.hu\/wp-content\/uploads\/2023\/01\/nyilt-nap5-2023.01.26..jpg\"><img loading=\"lazy\" class=\"aligncenter size-full wp-image-7930\" src=\"http:\/\/biztonsagosveszprem.hu\/wp-content\/uploads\/2023\/01\/nyilt-nap5-2023.01.26..jpg\" alt=\"\" width=\"751\" height=\"500\" srcset=\"http:\/\/biztonsagosveszprem.hu\/wp-content\/uploads\/2023\/01\/nyilt-nap5-2023.01.26..jpg 751w, http:\/\/biztonsagosveszprem.hu\/wp-content\/uploads\/2023\/01\/nyilt-nap5-2023.01.26.-300x200.jpg 300w\" sizes=\"(max-width: 751px) 100vw, 751px\" \/><\/a><\/p>\n<p>A Veszpr\u00e9mi Szakk\u00e9pz\u00e9si Centrum T\u00e1ncsics Mih\u00e1ly Technikum di\u00e1kjai j\u00e1rtak a helyi rend\u0151rkapit\u00e1nys\u00e1gon a 2023. janu\u00e1r 26-\u00e1n megrendezett ny\u00edlt napon. A rendezv\u00e9ny c\u00e9lja az volt, hogy a fiatalok megismerhess\u00e9k a rend\u0151rs\u00e9g szervezeti fel\u00e9p\u00edt\u00e9s\u00e9t, valamint felvil\u00e1gos\u00edt\u00e1st kapjanak a rend\u00e9szeti szakgimn\u00e1ziumi k\u00e9pz\u00e9sre t\u00f6rt\u00e9n\u0151 jelentkez\u00e9s felt\u00e9teleir\u0151l, illetve a b\u0171n\u00fcgyi \u00e9s a rend\u00e9szeti szakter\u00fcleten t\u00f6rt\u00e9n\u0151 munkav\u00e9gz\u00e9sr\u0151l.<\/p>\n<p>A fiatalok k\u00f6zelebbr\u0151l is bepillant\u00e1st nyerhettek a b\u0171n\u00fcgyi technikusok \u00e9s a k\u00f6zrendv\u00e9delmi szakter\u00fclet munk\u00e1j\u00e1ba. A Veszpr\u00e9m V\u00e1rmegyei Rend\u0151r-f\u0151kapit\u00e1nys\u00e1g B\u0171n\u00fcgyi Technikai Oszt\u00e1ly vezet\u0151j\u00e9nek el\u0151ad\u00e1s\u00e1t interakt\u00edv foglalkoz\u00e1s k\u00f6vette, amelynek sor\u00e1n a di\u00e1kok maguk is kipr\u00f3b\u00e1lhatt\u00e1k a nyomkutat\u00e1s \u00e9s \u2013r\u00f6gz\u00edt\u00e9s technik\u00e1it, eszk\u00f6zeit. A rend\u0151rkapit\u00e1nys\u00e1g k\u00f6zrendv\u00e9delmi oszt\u00e1ly\u00e1nak munkat\u00e1rsai pedig int\u00e9zked\u00e9staktikai foglalkoz\u00e1st tartottak a di\u00e1kok bevon\u00e1s\u00e1val, amelyet fegyvertechnikai bemutat\u00f3 k\u00f6vetett. A di\u00e1koknak lehet\u0151s\u00e9g\u00fck ny\u00edlt megtekinteni a rend\u0151r\u00f6k szolg\u00e1lati felszerel\u00e9seit \u00e9s\u00a0g\u00e9pj\u00e1rm\u0171veit is.<\/p>\n\t\t<div id=\"album_gallery_7932\"\n\t\t\tclass=\"awp_center\">\n\t\t\t\t\t\t\t<div class=\" col-md-4 col-lg-4 col-sm-4 col-xs-6 \n\t\t\t\t\t\t\">\n\t\t\t\t\t\n\t\t\t\t\t\t<!-- Stacks Hover Effect -->\n\t\t\t\t\t\t<a href=\"http:\/\/biztonsagosveszprem.hu\/wp-content\/uploads\/2023\/01\/nyilt-nap2-2023.01.26..jpg\t\t\t\t\t\" \t\t\t\t\t\t\tclass=\"swipebox-7932\" title=\"\">\n\t\t\t\t\t\t\t<div class=\"group\">\n\t\t\t\t\t\t\t\t<div class=\"stack twisted animated wobble\">\n\t\t\t\t\t\t\t\t\t<img src=\"http:\/\/biztonsagosveszprem.hu\/wp-content\/uploads\/2023\/01\/nyilt-nap2-2023.01.26.-300x200.jpg\" alt=\"\">\n\t\t\t\t\t\t\t\t<\/div>\n\t\t\t\t\t\t\t<\/div>\n\t\t\t\t\t\t<\/a>\n\t\t\t\t\t\t\t\t\t<\/div>\n\t\t\t\t\t\t\t<div class=\" col-md-4 col-lg-4 col-sm-4 col-xs-6 \n\t\t\thidden\t\t\t\">\n\t\t\t\t\t\n\t\t\t\t\t\t<!-- Stacks Hover Effect -->\n\t\t\t\t\t\t<a href=\"http:\/\/biztonsagosveszprem.hu\/wp-content\/uploads\/2023\/01\/nyilt-nap4-2023.01.26..jpg\t\t\t\t\t\" \t\t\t\t\t\t\tclass=\"swipebox-7932\" title=\"\">\n\t\t\t\t\t\t\t<div class=\"group\">\n\t\t\t\t\t\t\t\t<div class=\"stack twisted animated wobble\">\n\t\t\t\t\t\t\t\t\t<img src=\"http:\/\/biztonsagosveszprem.hu\/wp-content\/uploads\/2023\/01\/nyilt-nap4-2023.01.26.-300x200.jpg\" alt=\"\">\n\t\t\t\t\t\t\t\t<\/div>\n\t\t\t\t\t\t\t<\/div>\n\t\t\t\t\t\t<\/a>\n\t\t\t\t\t\t\t\t\t<\/div>\n\t\t\t\t\t\t\t<div class=\" col-md-4 col-lg-4 col-sm-4 col-xs-6 \n\t\t\thidden\t\t\t\">\n\t\t\t\t\t\n\t\t\t\t\t\t<!-- Stacks Hover Effect -->\n\t\t\t\t\t\t<a href=\"http:\/\/biztonsagosveszprem.hu\/wp-content\/uploads\/2023\/01\/nyilt-nap3-2023.01.26..jpg\t\t\t\t\t\" \t\t\t\t\t\t\tclass=\"swipebox-7932\" title=\"\">\n\t\t\t\t\t\t\t<div class=\"group\">\n\t\t\t\t\t\t\t\t<div class=\"stack twisted animated wobble\">\n\t\t\t\t\t\t\t\t\t<img src=\"http:\/\/biztonsagosveszprem.hu\/wp-content\/uploads\/2023\/01\/nyilt-nap3-2023.01.26.-300x204.jpg\" alt=\"\">\n\t\t\t\t\t\t\t\t<\/div>\n\t\t\t\t\t\t\t<\/div>\n\t\t\t\t\t\t<\/a>\n\t\t\t\t\t\t\t\t\t<\/div>\n\t\t\t\t\t\t\t<div class=\" col-md-4 col-lg-4 col-sm-4 col-xs-6 \n\t\t\thidden\t\t\t\">\n\t\t\t\t\t\n\t\t\t\t\t\t<!-- Stacks Hover Effect -->\n\t\t\t\t\t\t<a href=\"http:\/\/biztonsagosveszprem.hu\/wp-content\/uploads\/2023\/01\/nyilt-nap5-2023.01.26._0.jpg\t\t\t\t\t\" \t\t\t\t\t\t\tclass=\"swipebox-7932\" title=\"\">\n\t\t\t\t\t\t\t<div class=\"group\">\n\t\t\t\t\t\t\t\t<div class=\"stack twisted animated wobble\">\n\t\t\t\t\t\t\t\t\t<img src=\"http:\/\/biztonsagosveszprem.hu\/wp-content\/uploads\/2023\/01\/nyilt-nap5-2023.01.26._0-300x206.jpg\" alt=\"\">\n\t\t\t\t\t\t\t\t<\/div>\n\t\t\t\t\t\t\t<\/div>\n\t\t\t\t\t\t<\/a>\n\t\t\t\t\t\t\t\t\t<\/div>\n\t\t\t\t\t\t\t<div class=\" col-md-4 col-lg-4 col-sm-4 col-xs-6 \n\t\t\thidden\t\t\t\">\n\t\t\t\t\t\n\t\t\t\t\t\t<!-- Stacks Hover Effect -->\n\t\t\t\t\t\t<a href=\"http:\/\/biztonsagosveszprem.hu\/wp-content\/uploads\/2023\/01\/nyilt-nap6-2023.01.26.jpg\t\t\t\t\t\" \t\t\t\t\t\t\tclass=\"swipebox-7932\" title=\"\">\n\t\t\t\t\t\t\t<div class=\"group\">\n\t\t\t\t\t\t\t\t<div class=\"stack twisted animated wobble\">\n\t\t\t\t\t\t\t\t\t<img src=\"http:\/\/biztonsagosveszprem.hu\/wp-content\/uploads\/2023\/01\/nyilt-nap6-2023.01.26-300x200.jpg\" alt=\"\">\n\t\t\t\t\t\t\t\t<\/div>\n\t\t\t\t\t\t\t<\/div>\n\t\t\t\t\t\t<\/a>\n\t\t\t\t\t\t\t\t\t<\/div>\n\t\t\t\t\t\t\t<div class=\" col-md-4 col-lg-4 col-sm-4 col-xs-6 \n\t\t\thidden\t\t\t\">\n\t\t\t\t\t\n\t\t\t\t\t\t<!-- Stacks Hover Effect -->\n\t\t\t\t\t\t<a href=\"http:\/\/biztonsagosveszprem.hu\/wp-content\/uploads\/2023\/01\/nyilt-nap7-2023.01.26..jpg\t\t\t\t\t\" \t\t\t\t\t\t\tclass=\"swipebox-7932\" title=\"\">\n\t\t\t\t\t\t\t<div class=\"group\">\n\t\t\t\t\t\t\t\t<div class=\"stack twisted animated wobble\">\n\t\t\t\t\t\t\t\t\t<img src=\"http:\/\/biztonsagosveszprem.hu\/wp-content\/uploads\/2023\/01\/nyilt-nap7-2023.01.26.-300x200.jpg\" alt=\"\">\n\t\t\t\t\t\t\t\t<\/div>\n\t\t\t\t\t\t\t<\/div>\n\t\t\t\t\t\t<\/a>\n\t\t\t\t\t\t\t\t\t<\/div>\n\t\t\t\t\t<\/div>\n<style>\n\t.awp_center {\n\t\ttext-align: center !important;\n\t}\n\n\t.fifth-effect .mask {\n\t\tborder: 100px solid rgba(0, 0, 0, 0.7);\n\t}\n\n\t.col-lg-12 .stack {\n\t\tmargin: 3% 36%;\n\t}\n\n\t.col-lg-12 .view {\n\t\tmargin: 5% 37%;\n\t}\n\n\t.col-lg-6 .stack {\n\t\tmargin: 6% 22%;\n\t}\n\n\t.col-lg-6 .view {\n\t\tmargin: 5% 22%;\n\t}\n\n\t.col-lg-4 .stack {\n\t\tmargin: 10% 7%;\n\t}\n\n\t.col-lg-4 .view {\n\t\tmargin: 5% 6%;\n\t}\n\n\t.col-lg-3 .stack {\n\t\tmargin: 15% 3%;\n\t}\n\n\t.col-lg-3 .view {\n\t\tmargin: 5% 1%;\n\t}\n\n\n\t.fifth-effect .mask {\n\t\tborder: 100px solid rgba(0, 0, 0, 0.7);\n\t}\n\n\t.fifth-effect .mask {\n\t\tborder: 100px solid rgba(0, 0, 0, 0.7);\n\t}\n\n\t.view {\n\t\tmargin: 0 0 5% 0%;\n\t\tmargin: 5% 0%;\n\t\t\t}\n\n\t.mask {\n\t\tcursor: pointer;\n\t}\n<\/style>\n<script type=\"application\/javascript\">\n\tjQuery(document).ready(function() {\n\t\t\/\/ PhotoBox\n\t\tjQuery('#album_gallery_7932').photobox('a');\n\t\t\/\/ or with a fancier selector and some settings, and a callback:\n\t\tjQuery('#album_gallery_7932').photobox('a:first', {\n\t\t\tthumbs: false,\n\t\t\ttime: 0\n\t\t}, imageLoaded);\n\n\t\tfunction imageLoaded() {\n\t\t\tconsole.log('image has been loaded...');\n\t\t}\n\n\n\t\t\/\/Isotope function for masonary\n\t\tvar $grid = jQuery('.album_gallery_main').isotope({\n\t\t\t\/\/ options...\n\t\t\titemSelector: '.album_gallery_single',\n\t\t});\n\t\t\/\/ layout Isotope after each image loads\n\t\t$grid.imagesLoaded().progress(function() {\n\t\t\t$grid.isotope('layout');\n\t\t});\n\t});\n<\/script>\n","protected":false},"excerpt":{"rendered":"<p>P\u00e1lyav\u00e1laszt\u00e1s el\u0151tt \u00e1ll\u00f3 fiatalok ismerkedhettek meg a rend\u0151ri hivat\u00e1ssal. A Veszpr\u00e9mi Szakk\u00e9pz\u00e9si Centrum T\u00e1ncsics Mih\u00e1ly Technikum di\u00e1kjai j\u00e1rtak a helyi rend\u0151rkapit\u00e1nys\u00e1gon a 2023. janu\u00e1r 26-\u00e1n megrendezett ny\u00edlt napon. A rendezv\u00e9ny c\u00e9lja az volt, hogy a fiatalok megismerhess\u00e9k a rend\u0151rs\u00e9g szervezeti &hellip; <a href=\"http:\/\/biztonsagosveszprem.hu\/?album_gallery=nyilt-nap-a-veszpremi-rendorkapitanysagon\">Egy kattint\u00e1s ide a folytat\u00e1shoz&#8230;. <span class=\"meta-nav\">&rarr;<\/span><\/a><\/p>\n","protected":false},"author":1,"featured_media":0,"comment_status":"closed","ping_status":"open","sticky":false,"template":"","format":"standard","meta":[],"categories":[4,3],"tags":[],"_links":{"self":[{"href":"http:\/\/biztonsagosveszprem.hu\/index.php?rest_route=\/wp\/v2\/posts\/7929"}],"collection":[{"href":"http:\/\/biztonsagosveszprem.hu\/index.php?rest_route=\/wp\/v2\/posts"}],"about":[{"href":"http:\/\/biztonsagosveszprem.hu\/index.php?rest_route=\/wp\/v2\/types\/post"}],"author":[{"embeddable":true,"href":"http:\/\/biztonsagosveszprem.hu\/index.php?rest_route=\/wp\/v2\/users\/1"}],"replies":[{"embeddable":true,"href":"http:\/\/biztonsagosveszprem.hu\/index.php?rest_route=%2Fwp%2Fv2%2Fcomments&post=7929"}],"version-history":[{"count":2,"href":"http:\/\/biztonsagosveszprem.hu\/index.php?rest_route=\/wp\/v2\/posts\/7929\/revisions"}],"predecessor-version":[{"id":7939,"href":"http:\/\/biztonsagosveszprem.hu\/index.php?rest_route=\/wp\/v2\/posts\/7929\/revisions\/7939"}],"wp:attachment":[{"href":"http:\/\/biztonsagosveszprem.hu\/index.php?rest_route=%2Fwp%2Fv2%2Fmedia&parent=7929"}],"wp:term":[{"taxonomy":"category","embeddable":true,"href":"http:\/\/biztonsagosveszprem.hu\/index.php?rest_route=%2Fwp%2Fv2%2Fcategories&post=7929"},{"taxonomy":"post_tag","embeddable":true,"href":"http:\/\/biztonsagosveszprem.hu\/index.php?rest_route=%2Fwp%2Fv2%2Ftags&post=7929"}],"curies":[{"name":"wp","href":"https:\/\/api.w.org\/{rel}","templated":true}]}}