{"id":7925,"date":"2023-01-26T10:28:04","date_gmt":"2023-01-26T08:28:04","guid":{"rendered":"http:\/\/biztonsagosveszprem.hu\/?p=7925"},"modified":"2023-01-26T10:28:04","modified_gmt":"2023-01-26T08:28:04","slug":"sodrofaval-vagta-hatba-volt-elettarsat-a-rendorok-orizetbe-vettek","status":"publish","type":"post","link":"http:\/\/biztonsagosveszprem.hu\/?p=7925","title":{"rendered":"SODR\u00d3F\u00c1VAL V\u00c1GTA H\u00c1TBA VOLT \u00c9LETT\u00c1RS\u00c1T, A REND\u0150R\u00d6K \u0150RIZETBE VETT\u00c9K"},"content":{"rendered":"<p><strong>S\u00falyos testi s\u00e9rt\u00e9s b\u0171ntett k\u00eds\u00e9rlete miatt kell felelnie a 45 \u00e9ves ajkai f\u00e9rfinak.<\/strong><\/p>\n<p><a href=\"http:\/\/biztonsagosveszprem.hu\/wp-content\/uploads\/2023\/01\/testi-sertes-kiserlet-2023.01.25..jpg\"><img loading=\"lazy\" class=\"aligncenter size-full wp-image-7926\" src=\"http:\/\/biztonsagosveszprem.hu\/wp-content\/uploads\/2023\/01\/testi-sertes-kiserlet-2023.01.25..jpg\" alt=\"\" width=\"751\" height=\"500\" srcset=\"http:\/\/biztonsagosveszprem.hu\/wp-content\/uploads\/2023\/01\/testi-sertes-kiserlet-2023.01.25..jpg 751w, http:\/\/biztonsagosveszprem.hu\/wp-content\/uploads\/2023\/01\/testi-sertes-kiserlet-2023.01.25.-300x200.jpg 300w\" sizes=\"(max-width: 751px) 100vw, 751px\" \/><\/a><\/p>\n<p>\u00c1llampolg\u00e1ri bejelent\u00e9s \u00e9rkezett a rend\u0151rs\u00e9gre 2023. janu\u00e1r 24-\u00e9n 18 \u00f3ra 40 perckor arr\u00f3l, hogy Szentg\u00e1lon egy h\u00f6lgyet b\u00e1ntalmazott az \u00e9lett\u00e1rsa. Az elj\u00e1r\u00e1s adatai alapj\u00e1n a 45 \u00e9ves ajkai f\u00e9rfi aznap d\u00e9lut\u00e1n az\u00e9rt ment volt \u00e9lett\u00e1rsa ingatlanj\u00e1hoz, hogy a szem\u00e9lyes dolgait \u00f6sszepakolja \u00e9s elhozza onnan. A k\u00e9t f\u00e9l k\u00f6z\u00f6tt azonban veszeked\u00e9s alakult ki, melynek hev\u00e9ben a f\u00e9rfi sodr\u00f3f\u00e1val lapock\u00e1n \u00fct\u00f6tte a neki h\u00e1tat ford\u00edt\u00f3 h\u00f6lgyet. A s\u00e9rtett ezut\u00e1n kiszaladt a lak\u00e1sb\u00f3l, hogy \u00e9rtes\u00edtse a rend\u0151rs\u00e9get, azonban az \u0151t k\u00f6vet\u0151 f\u00e9rfi a telefont kicsavarta a kez\u00e9b\u0151l, majd \u00f6sszet\u00f6rte azt.<\/p>\n<p>A rend\u0151r\u00f6k nem sokkal a bejelent\u00e9st k\u00f6vet\u0151en az ajkai vas\u00fat\u00e1llom\u00e1sn\u00e1l elfogt\u00e1k a tettest, majd el\u0151\u00e1ll\u00edtott\u00e1k a Veszpr\u00e9mi Rend\u0151rkapit\u00e1nys\u00e1gra. A nyomoz\u00f3k ezut\u00e1n \u0151rizetbe v\u00e9tele mellett gyan\u00fas\u00edtottk\u00e9nt kihallgatt\u00e1k \u00e9s el\u0151terjeszt\u00e9st tettek az illet\u00e9kes \u00fcgy\u00e9szs\u00e9gn\u00e9l \u00a0t\u00e1voltart\u00e1s elrendel\u00e9s\u00e9nek ind\u00edtv\u00e1nyoz\u00e1s\u00e1ra.<\/p>\n<p>A f\u00e9rfi ellen s\u00falyos testi s\u00e9rt\u00e9s b\u0171ntett k\u00eds\u00e9rlet\u00e9nek megalapozott gyan\u00faja miatt folyik b\u00fcntet\u0151elj\u00e1r\u00e1s.<\/p>\n<p><a href=\"http:\/\/biztonsagosveszprem.hu\/wp-content\/uploads\/2023\/01\/testi-sertes-2023.01.25..jpg\"><img loading=\"lazy\" class=\"aligncenter size-full wp-image-7927\" src=\"http:\/\/biztonsagosveszprem.hu\/wp-content\/uploads\/2023\/01\/testi-sertes-2023.01.25..jpg\" alt=\"\" width=\"647\" height=\"500\" srcset=\"http:\/\/biztonsagosveszprem.hu\/wp-content\/uploads\/2023\/01\/testi-sertes-2023.01.25..jpg 647w, http:\/\/biztonsagosveszprem.hu\/wp-content\/uploads\/2023\/01\/testi-sertes-2023.01.25.-300x232.jpg 300w\" sizes=\"(max-width: 647px) 100vw, 647px\" \/><\/a><\/p>\n<p>&nbsp;<\/p>\n","protected":false},"excerpt":{"rendered":"<p>S\u00falyos testi s\u00e9rt\u00e9s b\u0171ntett k\u00eds\u00e9rlete miatt kell felelnie a 45 \u00e9ves ajkai f\u00e9rfinak. \u00c1llampolg\u00e1ri bejelent\u00e9s \u00e9rkezett a rend\u0151rs\u00e9gre 2023. janu\u00e1r 24-\u00e9n 18 \u00f3ra 40 perckor arr\u00f3l, hogy Szentg\u00e1lon egy h\u00f6lgyet b\u00e1ntalmazott az \u00e9lett\u00e1rsa. Az elj\u00e1r\u00e1s adatai alapj\u00e1n a 45 \u00e9ves &hellip; <a href=\"http:\/\/biztonsagosveszprem.hu\/?p=7925\">Egy kattint\u00e1s ide a folytat\u00e1shoz&#8230;. <span class=\"meta-nav\">&rarr;<\/span><\/a><\/p>\n","protected":false},"author":1,"featured_media":0,"comment_status":"closed","ping_status":"open","sticky":false,"template":"","format":"standard","meta":[],"categories":[4,3],"tags":[],"_links":{"self":[{"href":"http:\/\/biztonsagosveszprem.hu\/index.php?rest_route=\/wp\/v2\/posts\/7925"}],"collection":[{"href":"http:\/\/biztonsagosveszprem.hu\/index.php?rest_route=\/wp\/v2\/posts"}],"about":[{"href":"http:\/\/biztonsagosveszprem.hu\/index.php?rest_route=\/wp\/v2\/types\/post"}],"author":[{"embeddable":true,"href":"http:\/\/biztonsagosveszprem.hu\/index.php?rest_route=\/wp\/v2\/users\/1"}],"replies":[{"embeddable":true,"href":"http:\/\/biztonsagosveszprem.hu\/index.php?rest_route=%2Fwp%2Fv2%2Fcomments&post=7925"}],"version-history":[{"count":1,"href":"http:\/\/biztonsagosveszprem.hu\/index.php?rest_route=\/wp\/v2\/posts\/7925\/revisions"}],"predecessor-version":[{"id":7928,"href":"http:\/\/biztonsagosveszprem.hu\/index.php?rest_route=\/wp\/v2\/posts\/7925\/revisions\/7928"}],"wp:attachment":[{"href":"http:\/\/biztonsagosveszprem.hu\/index.php?rest_route=%2Fwp%2Fv2%2Fmedia&parent=7925"}],"wp:term":[{"taxonomy":"category","embeddable":true,"href":"http:\/\/biztonsagosveszprem.hu\/index.php?rest_route=%2Fwp%2Fv2%2Fcategories&post=7925"},{"taxonomy":"post_tag","embeddable":true,"href":"http:\/\/biztonsagosveszprem.hu\/index.php?rest_route=%2Fwp%2Fv2%2Ftags&post=7925"}],"curies":[{"name":"wp","href":"https:\/\/api.w.org\/{rel}","templated":true}]}}