{"id":7923,"date":"2023-01-26T10:25:01","date_gmt":"2023-01-26T08:25:01","guid":{"rendered":"http:\/\/biztonsagosveszprem.hu\/?p=7923"},"modified":"2023-01-26T10:25:01","modified_gmt":"2023-01-26T08:25:01","slug":"egy-masik-auto-rendszamaval-kozlekedett-a-rendorok-eloallitottak","status":"publish","type":"post","link":"http:\/\/biztonsagosveszprem.hu\/?p=7923","title":{"rendered":"Egy m\u00e1sik aut\u00f3 rendsz\u00e1m\u00e1val k\u00f6zlekedett, a rend\u0151r\u00f6k el\u0151\u00e1ll\u00edtott\u00e1k"},"content":{"rendered":"<p>A Zirci Rend\u0151r\u0151rs munkat\u00e1rsai 2023. janu\u00e1r 24-\u00e9n 16 \u00f3ra k\u00f6r\u00fcl az egyik bakonyi faluban igazoltattak egy szem\u00e9lyg\u00e9pkocsival k\u00f6zleked\u0151 28 \u00e9ves helyi lakost. Az int\u00e9zked\u00e9s sor\u00e1n meg\u00e1llap\u00edtott\u00e1k, hogy az aut\u00f3t 2022 j\u00falius\u00e1ban ideiglenesen kivont\u00e1k a forgalomb\u00f3l, tov\u00e1bb\u00e1 az arra felhelyezett forgalmi rendsz\u00e1m egy m\u00e1sik g\u00e9pj\u00e1rm\u0171h\u00f6z tartozik.<\/p>\n<p>Az egyenruh\u00e1sok a f\u00e9rfit ezut\u00e1n elfogt\u00e1k, majd el\u0151\u00e1ll\u00edtott\u00e1k a Zirci Rend\u0151r\u0151rsre, ahol a nyomoz\u00f3k gyan\u00fas\u00edtottk\u00e9nt kihallgatt\u00e1k. Ellene egyedi azonos\u00edt\u00f3jellel vissza\u00e9l\u00e9s b\u0171ntett elk\u00f6vet\u00e9s\u00e9nek megalapozott gyan\u00faja miatt indult b\u00fcntet\u0151elj\u00e1r\u00e1s.<\/p>\n","protected":false},"excerpt":{"rendered":"<p>A Zirci Rend\u0151r\u0151rs munkat\u00e1rsai 2023. janu\u00e1r 24-\u00e9n 16 \u00f3ra k\u00f6r\u00fcl az egyik bakonyi faluban igazoltattak egy szem\u00e9lyg\u00e9pkocsival k\u00f6zleked\u0151 28 \u00e9ves helyi lakost. Az int\u00e9zked\u00e9s sor\u00e1n meg\u00e1llap\u00edtott\u00e1k, hogy az aut\u00f3t 2022 j\u00falius\u00e1ban ideiglenesen kivont\u00e1k a forgalomb\u00f3l, tov\u00e1bb\u00e1 az arra felhelyezett forgalmi &hellip; <a href=\"http:\/\/biztonsagosveszprem.hu\/?p=7923\">Egy kattint\u00e1s ide a folytat\u00e1shoz&#8230;. <span class=\"meta-nav\">&rarr;<\/span><\/a><\/p>\n","protected":false},"author":1,"featured_media":0,"comment_status":"closed","ping_status":"open","sticky":false,"template":"","format":"standard","meta":[],"categories":[4,3],"tags":[],"_links":{"self":[{"href":"http:\/\/biztonsagosveszprem.hu\/index.php?rest_route=\/wp\/v2\/posts\/7923"}],"collection":[{"href":"http:\/\/biztonsagosveszprem.hu\/index.php?rest_route=\/wp\/v2\/posts"}],"about":[{"href":"http:\/\/biztonsagosveszprem.hu\/index.php?rest_route=\/wp\/v2\/types\/post"}],"author":[{"embeddable":true,"href":"http:\/\/biztonsagosveszprem.hu\/index.php?rest_route=\/wp\/v2\/users\/1"}],"replies":[{"embeddable":true,"href":"http:\/\/biztonsagosveszprem.hu\/index.php?rest_route=%2Fwp%2Fv2%2Fcomments&post=7923"}],"version-history":[{"count":1,"href":"http:\/\/biztonsagosveszprem.hu\/index.php?rest_route=\/wp\/v2\/posts\/7923\/revisions"}],"predecessor-version":[{"id":7924,"href":"http:\/\/biztonsagosveszprem.hu\/index.php?rest_route=\/wp\/v2\/posts\/7923\/revisions\/7924"}],"wp:attachment":[{"href":"http:\/\/biztonsagosveszprem.hu\/index.php?rest_route=%2Fwp%2Fv2%2Fmedia&parent=7923"}],"wp:term":[{"taxonomy":"category","embeddable":true,"href":"http:\/\/biztonsagosveszprem.hu\/index.php?rest_route=%2Fwp%2Fv2%2Fcategories&post=7923"},{"taxonomy":"post_tag","embeddable":true,"href":"http:\/\/biztonsagosveszprem.hu\/index.php?rest_route=%2Fwp%2Fv2%2Ftags&post=7923"}],"curies":[{"name":"wp","href":"https:\/\/api.w.org\/{rel}","templated":true}]}}