{"id":7917,"date":"2023-01-24T12:07:42","date_gmt":"2023-01-24T10:07:42","guid":{"rendered":"http:\/\/biztonsagosveszprem.hu\/?p=7917"},"modified":"2023-01-24T12:07:42","modified_gmt":"2023-01-24T10:07:42","slug":"a-rendori-hivatast-nepszerusitettek-veszpremben-is","status":"publish","type":"post","link":"http:\/\/biztonsagosveszprem.hu\/?p=7917","title":{"rendered":"A REND\u0150RI HIVAT\u00c1ST N\u00c9PSZER\u0170S\u00cdTETT\u00c9K VESZPR\u00c9MBEN IS"},"content":{"rendered":"<div class=\"lead-text\">\n<p>A di\u00e1kok rend\u00e9szeti p\u00e1lyaorient\u00e1ci\u00f3s napon vehettek r\u00e9szt.<\/p>\n<\/div>\n<p><a href=\"http:\/\/biztonsagosveszprem.hu\/wp-content\/uploads\/2023\/01\/nyilt-nap-2023.01.23.jpg\"><img loading=\"lazy\" class=\"aligncenter size-full wp-image-7918\" src=\"http:\/\/biztonsagosveszprem.hu\/wp-content\/uploads\/2023\/01\/nyilt-nap-2023.01.23.jpg\" alt=\"\" width=\"751\" height=\"500\" srcset=\"http:\/\/biztonsagosveszprem.hu\/wp-content\/uploads\/2023\/01\/nyilt-nap-2023.01.23.jpg 751w, http:\/\/biztonsagosveszprem.hu\/wp-content\/uploads\/2023\/01\/nyilt-nap-2023.01.23-300x200.jpg 300w\" sizes=\"(max-width: 751px) 100vw, 751px\" \/><\/a><\/p>\n<p>A Veszpr\u00e9mi Szakk\u00e9pz\u00e9si Centrum Ipari Technikum 2023. janu\u00e1r 23-\u00e1n tartotta a p\u00e1lyaorient\u00e1ci\u00f3s napj\u00e1t. Az \u00e9rdekl\u0151d\u0151k h\u00e1rom turnusban vehettek r\u00e9szt a rend\u0151ri hivat\u00e1st n\u00e9pszer\u0171s\u00edt\u0151 el\u0151ad\u00e1sokon. A filmvet\u00edt\u00e9ssel sz\u00ednes\u00edtett interakt\u00edv el\u0151ad\u00e1s c\u00e9lja az volt, hogy a fiatalok megismerhess\u00e9k a rend\u0151rs\u00e9g szervezeti fel\u00e9p\u00edt\u00e9s\u00e9t, valamint felvil\u00e1gos\u00edt\u00e1st kapjanak a rend\u00e9szeti szakgimn\u00e1ziumi k\u00e9pz\u00e9sre t\u00f6rt\u00e9n\u0151 jelentkez\u00e9s felt\u00e9teleir\u0151l, illetve a b\u0171n\u00fcgyi \u00e9s a rend\u00e9szeti szakter\u00fcleten t\u00f6rt\u00e9n\u0151 munkav\u00e9gz\u00e9sr\u0151l.<\/p>\n","protected":false},"excerpt":{"rendered":"<p>A di\u00e1kok rend\u00e9szeti p\u00e1lyaorient\u00e1ci\u00f3s napon vehettek r\u00e9szt. A Veszpr\u00e9mi Szakk\u00e9pz\u00e9si Centrum Ipari Technikum 2023. janu\u00e1r 23-\u00e1n tartotta a p\u00e1lyaorient\u00e1ci\u00f3s napj\u00e1t. Az \u00e9rdekl\u0151d\u0151k h\u00e1rom turnusban vehettek r\u00e9szt a rend\u0151ri hivat\u00e1st n\u00e9pszer\u0171s\u00edt\u0151 el\u0151ad\u00e1sokon. A filmvet\u00edt\u00e9ssel sz\u00ednes\u00edtett interakt\u00edv el\u0151ad\u00e1s c\u00e9lja az volt, hogy &hellip; <a href=\"http:\/\/biztonsagosveszprem.hu\/?p=7917\">Egy kattint\u00e1s ide a folytat\u00e1shoz&#8230;. <span class=\"meta-nav\">&rarr;<\/span><\/a><\/p>\n","protected":false},"author":1,"featured_media":0,"comment_status":"closed","ping_status":"open","sticky":false,"template":"","format":"standard","meta":[],"categories":[4,3],"tags":[],"_links":{"self":[{"href":"http:\/\/biztonsagosveszprem.hu\/index.php?rest_route=\/wp\/v2\/posts\/7917"}],"collection":[{"href":"http:\/\/biztonsagosveszprem.hu\/index.php?rest_route=\/wp\/v2\/posts"}],"about":[{"href":"http:\/\/biztonsagosveszprem.hu\/index.php?rest_route=\/wp\/v2\/types\/post"}],"author":[{"embeddable":true,"href":"http:\/\/biztonsagosveszprem.hu\/index.php?rest_route=\/wp\/v2\/users\/1"}],"replies":[{"embeddable":true,"href":"http:\/\/biztonsagosveszprem.hu\/index.php?rest_route=%2Fwp%2Fv2%2Fcomments&post=7917"}],"version-history":[{"count":1,"href":"http:\/\/biztonsagosveszprem.hu\/index.php?rest_route=\/wp\/v2\/posts\/7917\/revisions"}],"predecessor-version":[{"id":7919,"href":"http:\/\/biztonsagosveszprem.hu\/index.php?rest_route=\/wp\/v2\/posts\/7917\/revisions\/7919"}],"wp:attachment":[{"href":"http:\/\/biztonsagosveszprem.hu\/index.php?rest_route=%2Fwp%2Fv2%2Fmedia&parent=7917"}],"wp:term":[{"taxonomy":"category","embeddable":true,"href":"http:\/\/biztonsagosveszprem.hu\/index.php?rest_route=%2Fwp%2Fv2%2Fcategories&post=7917"},{"taxonomy":"post_tag","embeddable":true,"href":"http:\/\/biztonsagosveszprem.hu\/index.php?rest_route=%2Fwp%2Fv2%2Ftags&post=7917"}],"curies":[{"name":"wp","href":"https:\/\/api.w.org\/{rel}","templated":true}]}}