{"id":7914,"date":"2023-01-23T07:12:56","date_gmt":"2023-01-23T05:12:56","guid":{"rendered":"http:\/\/biztonsagosveszprem.hu\/?p=7914"},"modified":"2023-01-23T07:12:56","modified_gmt":"2023-01-23T05:12:56","slug":"valotlan-tartalmu-adasveteli-szerzodessel-akarta-igazolni-az-auto-tulajdonjogat","status":"publish","type":"post","link":"http:\/\/biztonsagosveszprem.hu\/?p=7914","title":{"rendered":"VAL\u00d3TLAN TARTALM\u00da AD\u00c1SV\u00c9TELI SZERZ\u0150D\u00c9SSEL AKARTA IGAZOLNI AZ AUT\u00d3 TULAJDONJOG\u00c1T"},"content":{"rendered":"<p><strong>A rend\u0151r\u00f6k gyan\u00fas\u00edtottk\u00e9nt kihallgatt\u00e1k a 18 \u00e9ves veszpr\u00e9mi f\u00e9rfit.<\/strong><\/p>\n<p><a href=\"http:\/\/biztonsagosveszprem.hu\/wp-content\/uploads\/2023\/01\/logo_4.jpg\"><img loading=\"lazy\" class=\"aligncenter size-full wp-image-7915\" src=\"http:\/\/biztonsagosveszprem.hu\/wp-content\/uploads\/2023\/01\/logo_4.jpg\" alt=\"\" width=\"751\" height=\"500\" srcset=\"http:\/\/biztonsagosveszprem.hu\/wp-content\/uploads\/2023\/01\/logo_4.jpg 751w, http:\/\/biztonsagosveszprem.hu\/wp-content\/uploads\/2023\/01\/logo_4-300x200.jpg 300w\" sizes=\"(max-width: 751px) 100vw, 751px\" \/><\/a><\/p>\n<p>A Veszpr\u00e9mi Rend\u0151rkapit\u00e1nys\u00e1g k\u00f6rzeti megb\u00edzottjai 2023. janu\u00e1r 19-\u00e9n d\u00e9lut\u00e1n Veszpr\u00e9m-K\u00e1d\u00e1rta k\u00fclter\u00fclet\u00e9n \u00e1ll\u00edtottak meg egy szem\u00e9lyg\u00e9pkocsit, \u00e9s ellen\u0151rizt\u00e9k annak vezet\u0151j\u00e9t.<\/p>\n<p>Az int\u00e9zked\u00e9s sor\u00e1n meg\u00e1llap\u00edtott\u00e1k, hogy a 18 \u00e9ves veszpr\u00e9mi sof\u0151r nem rendelkezik vezet\u0151i enged\u00e9llyel. Az aut\u00f3 tulajdonosa \u2013 egy szint\u00e9n 18 \u00e9ves t\u00fcskev\u00e1ri f\u00e9rfi \u2013 utask\u00e9nt tart\u00f3zkodott a g\u00e9pkocsiban, \u00e9s a j\u00e1rm\u0171 tulajdonjog\u00e1t egy 2023. janu\u00e1r 10-ei keltez\u00e9s\u0171 ad\u00e1sv\u00e9teli szerz\u0151d\u00e9ssel igazolta. A t\u00fcskev\u00e1ri f\u00e9rfi az int\u00e9zked\u0151 egyenruh\u00e1soknak elmondta, hogy az aut\u00f3t aznap v\u00e1s\u00e1rolta, azonban a szerz\u0151d\u00e9st az elad\u00f3 k\u00e9r\u00e9s\u00e9re visszad\u00e1tumozt\u00e1k. Kider\u00fclt tov\u00e1bb\u00e1 az is, hogy a tulajdonos a v\u00e1s\u00e1rl\u00e1st k\u00f6vet\u0151en a g\u00e9pkocsira nem k\u00f6t\u00f6tt k\u00f6telez\u0151 g\u00e9pj\u00e1rm\u0171-felel\u0151ss\u00e9gbiztos\u00edt\u00e1st. A j\u00e1rm\u0171 \u00e1tvizsg\u00e1l\u00e1sa sor\u00e1n pedig az utast\u00e9rben egy szir\u00e9na kezel\u0151panelj\u00e9t tal\u00e1lt\u00e1k meg, az ahhoz tartoz\u00f3 hangsz\u00f3r\u00f3 pedig a motort\u00e9rbe volt be\u00e9p\u00edtve, \u00e9s a karossz\u00e9ria tetej\u00e9re m\u00e9g egy LED f\u00e9nyvet\u0151t is felszereltek.<\/p>\n<p>A rend\u0151r\u00f6k mindk\u00e9t fiatalt elfogt\u00e1k, majd el\u0151\u00e1ll\u00edtott\u00e1k \u0151ket a Veszpr\u00e9mi Rend\u0151rkapit\u00e1nys\u00e1gra. A 18 \u00e9ves veszpr\u00e9mi sof\u0151rt enged\u00e9ly n\u00e9lk\u00fcli vezet\u00e9s miatt szab\u00e1lys\u00e9rt\u00e9si \u0151rizetbe vett\u00e9k, m\u00edg t\u00e1rs\u00e1val &#8211; az aut\u00f3 tulajdonos\u00e1val &#8211; \u00a0szemben hamis mag\u00e1nokirat felhaszn\u00e1l\u00e1s\u00e1nak v\u00e9ts\u00e9ge miatt b\u00fcntet\u0151feljelent\u00e9st tettek, \u00e9s a nyomoz\u00f3k gyan\u00fas\u00edtottk\u00e9nt kihallgatt\u00e1k.<\/p>\n<p>Az aut\u00f3val \u00e9s annak vezet\u00e9s\u00e9vel kapcsolatban felt\u00e1rt sz\u00e1mos szab\u00e1lyszeg\u00e9s miatt a t\u00fcskev\u00e1ri f\u00e9rfival szemben szab\u00e1lys\u00e9rt\u00e9si elj\u00e1r\u00e1st is kezdem\u00e9nyeztek a rend\u0151r\u00f6k.<\/p>\n","protected":false},"excerpt":{"rendered":"<p>A rend\u0151r\u00f6k gyan\u00fas\u00edtottk\u00e9nt kihallgatt\u00e1k a 18 \u00e9ves veszpr\u00e9mi f\u00e9rfit. A Veszpr\u00e9mi Rend\u0151rkapit\u00e1nys\u00e1g k\u00f6rzeti megb\u00edzottjai 2023. janu\u00e1r 19-\u00e9n d\u00e9lut\u00e1n Veszpr\u00e9m-K\u00e1d\u00e1rta k\u00fclter\u00fclet\u00e9n \u00e1ll\u00edtottak meg egy szem\u00e9lyg\u00e9pkocsit, \u00e9s ellen\u0151rizt\u00e9k annak vezet\u0151j\u00e9t. Az int\u00e9zked\u00e9s sor\u00e1n meg\u00e1llap\u00edtott\u00e1k, hogy a 18 \u00e9ves veszpr\u00e9mi sof\u0151r nem rendelkezik &hellip; <a href=\"http:\/\/biztonsagosveszprem.hu\/?p=7914\">Egy kattint\u00e1s ide a folytat\u00e1shoz&#8230;. <span class=\"meta-nav\">&rarr;<\/span><\/a><\/p>\n","protected":false},"author":1,"featured_media":0,"comment_status":"closed","ping_status":"open","sticky":false,"template":"","format":"standard","meta":[],"categories":[4,3],"tags":[],"_links":{"self":[{"href":"http:\/\/biztonsagosveszprem.hu\/index.php?rest_route=\/wp\/v2\/posts\/7914"}],"collection":[{"href":"http:\/\/biztonsagosveszprem.hu\/index.php?rest_route=\/wp\/v2\/posts"}],"about":[{"href":"http:\/\/biztonsagosveszprem.hu\/index.php?rest_route=\/wp\/v2\/types\/post"}],"author":[{"embeddable":true,"href":"http:\/\/biztonsagosveszprem.hu\/index.php?rest_route=\/wp\/v2\/users\/1"}],"replies":[{"embeddable":true,"href":"http:\/\/biztonsagosveszprem.hu\/index.php?rest_route=%2Fwp%2Fv2%2Fcomments&post=7914"}],"version-history":[{"count":1,"href":"http:\/\/biztonsagosveszprem.hu\/index.php?rest_route=\/wp\/v2\/posts\/7914\/revisions"}],"predecessor-version":[{"id":7916,"href":"http:\/\/biztonsagosveszprem.hu\/index.php?rest_route=\/wp\/v2\/posts\/7914\/revisions\/7916"}],"wp:attachment":[{"href":"http:\/\/biztonsagosveszprem.hu\/index.php?rest_route=%2Fwp%2Fv2%2Fmedia&parent=7914"}],"wp:term":[{"taxonomy":"category","embeddable":true,"href":"http:\/\/biztonsagosveszprem.hu\/index.php?rest_route=%2Fwp%2Fv2%2Fcategories&post=7914"},{"taxonomy":"post_tag","embeddable":true,"href":"http:\/\/biztonsagosveszprem.hu\/index.php?rest_route=%2Fwp%2Fv2%2Ftags&post=7914"}],"curies":[{"name":"wp","href":"https:\/\/api.w.org\/{rel}","templated":true}]}}