{"id":7904,"date":"2023-01-17T06:30:21","date_gmt":"2023-01-17T04:30:21","guid":{"rendered":"http:\/\/biztonsagosveszprem.hu\/?p=7904"},"modified":"2023-01-17T06:30:21","modified_gmt":"2023-01-17T04:30:21","slug":"keressuk-danyi-dorina-valeriat","status":"publish","type":"post","link":"http:\/\/biztonsagosveszprem.hu\/?p=7904","title":{"rendered":"KERESS\u00dcK D\u00c1NYI DORINA VAL\u00c9RI\u00c1T"},"content":{"rendered":"<p><strong>A Veszpr\u00e9mi Rend\u0151rkapit\u00e1nys\u00e1g munkat\u00e1rsai a lakoss\u00e1g seg\u00edts\u00e9g\u00e9t k\u00e9rik D\u00e1nyi Dorina Val\u00e9ria megtal\u00e1l\u00e1sa \u00e9rdek\u00e9ben.<\/strong><\/p>\n<p><a href=\"http:\/\/biztonsagosveszprem.hu\/wp-content\/uploads\/2023\/01\/Danyi-Dorina-Valeria-fotoja_0.jpg\"><img loading=\"lazy\" class=\"aligncenter size-full wp-image-7905\" src=\"http:\/\/biztonsagosveszprem.hu\/wp-content\/uploads\/2023\/01\/Danyi-Dorina-Valeria-fotoja_0.jpg\" alt=\"\" width=\"751\" height=\"500\" srcset=\"http:\/\/biztonsagosveszprem.hu\/wp-content\/uploads\/2023\/01\/Danyi-Dorina-Valeria-fotoja_0.jpg 751w, http:\/\/biztonsagosveszprem.hu\/wp-content\/uploads\/2023\/01\/Danyi-Dorina-Valeria-fotoja_0-300x200.jpg 300w\" sizes=\"(max-width: 751px) 100vw, 751px\" \/><\/a><\/p>\n<p>A Veszpr\u00e9mi Rend\u0151rkapit\u00e1nys\u00e1g 19010\/157\/29\/2023. k\u00f6r\u00f6z\u00e9si sz\u00e1mokon elj\u00e1r\u00e1st folytat az ismeretlen helyen tart\u00f3zkod\u00f3 D\u00e1nyi Dorina Val\u00e9ria elt\u0171n\u00e9se \u00fcgy\u00e9ben.<\/p>\n<p>A 16 \u00e9ves l\u00e1ny 2023. janu\u00e1r 12-\u00e9n a P\u00e9tf\u00fcrd\u0151r\u0151l, a koll\u00e9giumb\u00f3l ismeretlen helyre t\u00e1vozott, az\u00f3ta holl\u00e9te ismeretlen. \u00c9letjelet az\u00f3ta nem ad mag\u00e1r\u00f3l. A felkutat\u00e1s\u00e1ra tett rend\u0151ri int\u00e9zked\u00e9sek eddig eredm\u00e9nyre nem vezettek.<\/p>\n<p>D\u00e1nyi Dorina Val\u00e9ria k\u00f6r\u00fclbel\u00fcl 160 cm magas, v\u00e9kony testalkat\u00fa, fekete festett hossz\u00fa haj\u00fa, barna szem\u0171, vil\u00e1gos b\u0151r\u0171, fekete keretes szem\u00fcveget visel.<\/p>\n<p>A Veszpr\u00e9mi Rend\u0151rkapit\u00e1nys\u00e1g k\u00e9ri, hogy aki a k\u00e9pen l\u00e1that\u00f3 D\u00e1nyi Dorina Val\u00e9ri\u00e1t felismeri, tart\u00f3zkod\u00e1si hely\u00e9r\u0151l vagy elt\u0171n\u00e9se k\u00f6r\u00fclm\u00e9nyeir\u0151l inform\u00e1ci\u00f3val rendelkezik, jelentkezzen a Veszpr\u00e9mi Rend\u0151rkapit\u00e1nys\u00e1gon szem\u00e9lyesen (Veszpr\u00e9m, Bajcsy-Zsilinszky Endre utca 2.) vagy h\u00edvja a 06-88-428-022-es telefonsz\u00e1mot, illetve n\u00e9vtelens\u00e9ge meg\u0151rz\u00e9se mellett bejelent\u00e9st tehet a nap 24 \u00f3r\u00e1j\u00e1ban el\u00e9rhet\u0151 06-80-555-111-es Telefontan\u00fa z\u00f6ldsz\u00e1m\u00e1n, valamint a 112-es, d\u00edjmentes seg\u00e9lyh\u00edv\u00f3 sz\u00e1mon.<\/p>\n","protected":false},"excerpt":{"rendered":"<p>A Veszpr\u00e9mi Rend\u0151rkapit\u00e1nys\u00e1g munkat\u00e1rsai a lakoss\u00e1g seg\u00edts\u00e9g\u00e9t k\u00e9rik D\u00e1nyi Dorina Val\u00e9ria megtal\u00e1l\u00e1sa \u00e9rdek\u00e9ben. A Veszpr\u00e9mi Rend\u0151rkapit\u00e1nys\u00e1g 19010\/157\/29\/2023. k\u00f6r\u00f6z\u00e9si sz\u00e1mokon elj\u00e1r\u00e1st folytat az ismeretlen helyen tart\u00f3zkod\u00f3 D\u00e1nyi Dorina Val\u00e9ria elt\u0171n\u00e9se \u00fcgy\u00e9ben. A 16 \u00e9ves l\u00e1ny 2023. janu\u00e1r 12-\u00e9n a P\u00e9tf\u00fcrd\u0151r\u0151l, a &hellip; <a href=\"http:\/\/biztonsagosveszprem.hu\/?p=7904\">Egy kattint\u00e1s ide a folytat\u00e1shoz&#8230;. <span class=\"meta-nav\">&rarr;<\/span><\/a><\/p>\n","protected":false},"author":1,"featured_media":0,"comment_status":"closed","ping_status":"open","sticky":false,"template":"","format":"standard","meta":[],"categories":[4,5],"tags":[],"_links":{"self":[{"href":"http:\/\/biztonsagosveszprem.hu\/index.php?rest_route=\/wp\/v2\/posts\/7904"}],"collection":[{"href":"http:\/\/biztonsagosveszprem.hu\/index.php?rest_route=\/wp\/v2\/posts"}],"about":[{"href":"http:\/\/biztonsagosveszprem.hu\/index.php?rest_route=\/wp\/v2\/types\/post"}],"author":[{"embeddable":true,"href":"http:\/\/biztonsagosveszprem.hu\/index.php?rest_route=\/wp\/v2\/users\/1"}],"replies":[{"embeddable":true,"href":"http:\/\/biztonsagosveszprem.hu\/index.php?rest_route=%2Fwp%2Fv2%2Fcomments&post=7904"}],"version-history":[{"count":1,"href":"http:\/\/biztonsagosveszprem.hu\/index.php?rest_route=\/wp\/v2\/posts\/7904\/revisions"}],"predecessor-version":[{"id":7906,"href":"http:\/\/biztonsagosveszprem.hu\/index.php?rest_route=\/wp\/v2\/posts\/7904\/revisions\/7906"}],"wp:attachment":[{"href":"http:\/\/biztonsagosveszprem.hu\/index.php?rest_route=%2Fwp%2Fv2%2Fmedia&parent=7904"}],"wp:term":[{"taxonomy":"category","embeddable":true,"href":"http:\/\/biztonsagosveszprem.hu\/index.php?rest_route=%2Fwp%2Fv2%2Fcategories&post=7904"},{"taxonomy":"post_tag","embeddable":true,"href":"http:\/\/biztonsagosveszprem.hu\/index.php?rest_route=%2Fwp%2Fv2%2Ftags&post=7904"}],"curies":[{"name":"wp","href":"https:\/\/api.w.org\/{rel}","templated":true}]}}