{"id":7899,"date":"2023-01-16T15:09:48","date_gmt":"2023-01-16T13:09:48","guid":{"rendered":"http:\/\/biztonsagosveszprem.hu\/?p=7899"},"modified":"2023-01-16T15:09:48","modified_gmt":"2023-01-16T13:09:48","slug":"lancfuresszel-fenyegette-szomszedjat-a-rendorok-elfogtak","status":"publish","type":"post","link":"http:\/\/biztonsagosveszprem.hu\/?p=7899","title":{"rendered":"L\u00c1NCF\u0170R\u00c9SSZEL FENYEGETTE SZOMSZ\u00c9DJ\u00c1T, A REND\u0150R\u00d6K ELFOGT\u00c1K"},"content":{"rendered":"<p><strong>A Veszpr\u00e9mi Rend\u0151rkapit\u00e1nys\u00e1g munkat\u00e1rsai gyan\u00fas\u00edtottk\u00e9nt kihallgatt\u00e1k a 31 \u00e9ves helyi f\u00e9rfit.<\/strong><\/p>\n<p><a href=\"http:\/\/biztonsagosveszprem.hu\/wp-content\/uploads\/2023\/01\/nyers-kep.jpg\"><img loading=\"lazy\" class=\"aligncenter size-full wp-image-7900\" src=\"http:\/\/biztonsagosveszprem.hu\/wp-content\/uploads\/2023\/01\/nyers-kep.jpg\" alt=\"\" width=\"751\" height=\"500\" srcset=\"http:\/\/biztonsagosveszprem.hu\/wp-content\/uploads\/2023\/01\/nyers-kep.jpg 751w, http:\/\/biztonsagosveszprem.hu\/wp-content\/uploads\/2023\/01\/nyers-kep-300x200.jpg 300w\" sizes=\"(max-width: 751px) 100vw, 751px\" \/><\/a><\/p>\n<p>Egy veszpr\u00e9mi lakos tett bejelent\u00e9st a rend\u0151rs\u00e9gre 2023. janu\u00e1r 13-\u00e1n este arr\u00f3l, hogy egy sz\u00e1m\u00e1ra ismeretlen szem\u00e9ly nem sokkal kor\u00e1bban azzal fenyegette meg, hogy lev\u00e1gja a fej\u00e9t l\u00e1ncf\u0171r\u00e9sszel. A fenyeget\u00e9s\u00e9nek pedig \u00fagy adott nyomat\u00e9kot, hogy mag\u00e1val vitt egy robban\u00f3motoros l\u00e1ncf\u0171r\u00e9szt, majd beind\u00edtotta, \u00e9s t\u00f6bbsz\u00f6r a s\u00e9rtett fel\u00e9 suhintott vele.<\/p>\n<p>A helysz\u00ednre \u00e9rkez\u0151 rend\u0151r\u00f6k azonos\u00edtott\u00e1k a felt\u00e9telezett elk\u00f6vet\u0151t, majd otthon\u00e1ban \u2013 a szomsz\u00e9d lak\u00e1sban \u2013 elfogt\u00e1k, \u00e9s el\u0151\u00e1ll\u00edtott\u00e1k a helyi rend\u0151rkapit\u00e1nys\u00e1gra a 31 \u00e9ves f\u00e9rfit. A nyomoz\u00f3k ezut\u00e1n gyan\u00fas\u00edtottk\u00e9nt kihallgatt\u00e1k a tettest, melynek sor\u00e1n elmondta, hogy k\u00f6r\u00fclbel\u00fcl k\u00e9t \u00e9ve hallgatja est\u00e9nk\u00e9nt, hogy a sz\u00e1m\u00e1ra ismeretlen szomsz\u00e9dja az esti \u00f3r\u00e1kban k\u00fcl\u00f6nb\u00f6z\u0151 szersz\u00e1mg\u00e9pekkel dolgozik. Ez\u00fattal elege lett bel\u0151le, majd a t\u00e1rol\u00f3b\u00f3l el\u0151vette a saj\u00e1t motoros l\u00e1ncf\u0171r\u00e9sz\u00e9t, \u00e9s \u00e1tment vele hozz\u00e1. A besz\u00e9lget\u00e9s azonban sz\u00f3v\u00e1lt\u00e1shoz, majd a l\u00e1ncf\u0171r\u00e9szes fenyeget\u00e9shez vezetett.<\/p>\n<p>A 31 \u00e9ves veszpr\u00e9mi f\u00e9rfit a rend\u0151r\u00f6k \u0151rizetbe vett\u00e9k, \u00e9s vele szemben felfegyverkezve elk\u00f6vetett gar\u00e1zdas\u00e1g b\u0171ntett, valamint zaklat\u00e1s v\u00e9ts\u00e9g elk\u00f6vet\u00e9s\u00e9nek megalapozott gyan\u00faja miatt ind\u00edtottak b\u00fcntet\u0151elj\u00e1r\u00e1st.<\/p>\n","protected":false},"excerpt":{"rendered":"<p>A Veszpr\u00e9mi Rend\u0151rkapit\u00e1nys\u00e1g munkat\u00e1rsai gyan\u00fas\u00edtottk\u00e9nt kihallgatt\u00e1k a 31 \u00e9ves helyi f\u00e9rfit. Egy veszpr\u00e9mi lakos tett bejelent\u00e9st a rend\u0151rs\u00e9gre 2023. janu\u00e1r 13-\u00e1n este arr\u00f3l, hogy egy sz\u00e1m\u00e1ra ismeretlen szem\u00e9ly nem sokkal kor\u00e1bban azzal fenyegette meg, hogy lev\u00e1gja a fej\u00e9t l\u00e1ncf\u0171r\u00e9sszel. A &hellip; <a href=\"http:\/\/biztonsagosveszprem.hu\/?p=7899\">Egy kattint\u00e1s ide a folytat\u00e1shoz&#8230;. <span class=\"meta-nav\">&rarr;<\/span><\/a><\/p>\n","protected":false},"author":1,"featured_media":0,"comment_status":"closed","ping_status":"open","sticky":false,"template":"","format":"standard","meta":[],"categories":[4,3],"tags":[],"_links":{"self":[{"href":"http:\/\/biztonsagosveszprem.hu\/index.php?rest_route=\/wp\/v2\/posts\/7899"}],"collection":[{"href":"http:\/\/biztonsagosveszprem.hu\/index.php?rest_route=\/wp\/v2\/posts"}],"about":[{"href":"http:\/\/biztonsagosveszprem.hu\/index.php?rest_route=\/wp\/v2\/types\/post"}],"author":[{"embeddable":true,"href":"http:\/\/biztonsagosveszprem.hu\/index.php?rest_route=\/wp\/v2\/users\/1"}],"replies":[{"embeddable":true,"href":"http:\/\/biztonsagosveszprem.hu\/index.php?rest_route=%2Fwp%2Fv2%2Fcomments&post=7899"}],"version-history":[{"count":1,"href":"http:\/\/biztonsagosveszprem.hu\/index.php?rest_route=\/wp\/v2\/posts\/7899\/revisions"}],"predecessor-version":[{"id":7901,"href":"http:\/\/biztonsagosveszprem.hu\/index.php?rest_route=\/wp\/v2\/posts\/7899\/revisions\/7901"}],"wp:attachment":[{"href":"http:\/\/biztonsagosveszprem.hu\/index.php?rest_route=%2Fwp%2Fv2%2Fmedia&parent=7899"}],"wp:term":[{"taxonomy":"category","embeddable":true,"href":"http:\/\/biztonsagosveszprem.hu\/index.php?rest_route=%2Fwp%2Fv2%2Fcategories&post=7899"},{"taxonomy":"post_tag","embeddable":true,"href":"http:\/\/biztonsagosveszprem.hu\/index.php?rest_route=%2Fwp%2Fv2%2Ftags&post=7899"}],"curies":[{"name":"wp","href":"https:\/\/api.w.org\/{rel}","templated":true}]}}