{"id":7896,"date":"2023-01-16T15:08:03","date_gmt":"2023-01-16T13:08:03","guid":{"rendered":"http:\/\/biztonsagosveszprem.hu\/?p=7896"},"modified":"2023-01-16T15:08:03","modified_gmt":"2023-01-16T13:08:03","slug":"kozlekedesi-fokozott-ellenorzes-a-balesetek-megelozeseert","status":"publish","type":"post","link":"http:\/\/biztonsagosveszprem.hu\/?p=7896","title":{"rendered":"K\u00d6ZLEKED\u00c9SI FOKOZOTT ELLEN\u0150RZ\u00c9S A BALESETEK MEGEL\u0150Z\u00c9S\u00c9\u00c9RT"},"content":{"rendered":"<p><strong>Dr\u00f3nt is bevetettek a veszpr\u00e9mi rend\u0151r\u00f6k azon az eg\u00e9sz napos fokozott k\u00f6z\u00fati ellen\u0151rz\u00e9sen, amelynek els\u0151dleges c\u00e9lja a balesetek megel\u0151z\u00e9se, a k\u00f6zleked\u00e9si szab\u00e1lyokat megszeg\u0151 j\u00e1rm\u0171vezet\u0151k kisz\u0171r\u00e9se volt.<\/strong><\/p>\n<p><a href=\"http:\/\/biztonsagosveszprem.hu\/wp-content\/uploads\/2023\/01\/vlcsnap-2023-01-16-11h51m49s007.png\"><img loading=\"lazy\" class=\"aligncenter size-full wp-image-7897\" src=\"http:\/\/biztonsagosveszprem.hu\/wp-content\/uploads\/2023\/01\/vlcsnap-2023-01-16-11h51m49s007.png\" alt=\"\" width=\"751\" height=\"500\" srcset=\"http:\/\/biztonsagosveszprem.hu\/wp-content\/uploads\/2023\/01\/vlcsnap-2023-01-16-11h51m49s007.png 751w, http:\/\/biztonsagosveszprem.hu\/wp-content\/uploads\/2023\/01\/vlcsnap-2023-01-16-11h51m49s007-300x200.png 300w\" sizes=\"(max-width: 751px) 100vw, 751px\" \/><\/a><\/p>\n<p>A Veszpr\u00e9mi Rend\u0151rkapit\u00e1nys\u00e1g egyenruh\u00e1sai 2023. janu\u00e1r 13-\u00e1n a telep\u00fcl\u00e9sre vezet\u0151 f\u0151bb \u00fatszakaszokon, valamint a forgalmas csom\u00f3pontok k\u00f6zel\u00e9ben tartottak fokozott k\u00f6zleked\u00e9srend\u00e9szeti ellen\u0151rz\u00e9st. Ennek c\u00e9lja els\u0151sorban a k\u00f6z\u00fati k\u00f6zleked\u00e9si balesetek megel\u0151z\u00e9se, illetve az ittas vezet\u0151k kisz\u0171r\u00e9se volt.<\/p>\n<p>A rend\u0151r\u00f6k ezen k\u00edv\u00fcl kiemelt figyelmet ford\u00edtottak a vil\u00e1g\u00edt\u00f3 berendez\u00e9seket nem szab\u00e1lyszer\u0171en haszn\u00e1l\u00f3k, a tilos jelz\u00e9sen \u00e1thalad\u00f3 j\u00e1rm\u0171vezet\u0151k, a passz\u00edv biztons\u00e1gi eszk\u00f6z\u00f6k &#8211; biztons\u00e1gi \u00f6v, a gyermekbiztons\u00e1gi rendszer \u00e9s a buk\u00f3sisak &#8211; el\u0151\u00edr\u00e1sszer\u0171 haszn\u00e1lat\u00e1t elmulaszt\u00f3k kisz\u0171r\u00e9s\u00e9re, valamint ellen\u0151rizt\u00e9k a j\u00e1rm\u0171vek m\u0171szaki \u00e1llapot\u00e1t, a vezet\u00e9shez sz\u00fcks\u00e9ges jogosults\u00e1gok megl\u00e9t\u00e9t is.<\/p>\n<p>A fokozott ellen\u0151rz\u00e9s sor\u00e1n dr\u00f3n is seg\u00edtette az egyenruh\u00e1sok munk\u00e1j\u00e1t, \u00e9s kett\u0151 j\u00e1rm\u0171vezet\u0151t siker\u00fclt az eszk\u00f6zzel tetten \u00e9rni, amint Veszpr\u00e9mben a halad\u00e1si szab\u00e1lyokat megszegt\u00e9k. A sof\u0151r\u00f6kkel szemben a rend\u0151r\u00f6k k\u00f6zigazgat\u00e1si b\u00edrs\u00e1got szabtak ki.<\/p>\n<p>A k\u00f6zleked\u00e9si akci\u00f3ban 14 f\u0151 helysz\u00edni b\u00edrs\u00e1got kapott lej\u00e1rt m\u0171szaki \u00e9rv\u00e9nyess\u00e9g\u0171 j\u00e1rm\u0171vel val\u00f3 k\u00f6zleked\u00e9s miatt, egy sof\u0151rnek pedig k\u00f6zigazgat\u00e1si b\u00edrs\u00e1got szabtak ki a rend\u0151r\u00f6k ittas vezet\u00e9s miatt, \u00e9s szint\u00e9n k\u00f6zigazgat\u00e1si b\u00edrs\u00e1got kapott h\u00e1rom gyorshajt\u00f3 j\u00e1rm\u0171vezet\u0151 is. H\u00e1rom g\u00e9pj\u00e1rm\u0171vezet\u0151 a k\u00e9zben tartott mobil telefon haszn\u00e1lata miatt, kett\u0151 a szab\u00e1lytalan v\u00e1rakoz\u00e1s\u00e9rt, egy f\u0151 pedig a z\u00e1r\u00f3vonalon val\u00f3 \u00e1thalad\u00e1s miatt kapott helysz\u00edni b\u00edrs\u00e1got.<\/p>\n<p>Az egyenruh\u00e1sok \u00f6t f\u0151vel szemben biztons\u00e1gi \u00f6v haszn\u00e1lat\u00e1nak elmulaszt\u00e1sa miatt int\u00e9zkedtek, h\u00e1rom szem\u00e9ly ellen pedig szab\u00e1lys\u00e9rt\u00e9si feljelent\u00e9st tettek egy\u00e9b k\u00f6zleked\u00e9si szab\u00e1lys\u00e9rt\u00e9sek miatt.<\/p>\n<p>Ilyen \u00e9s ehhez hasonl\u00f3 k\u00f6zleked\u00e9si ellen\u0151rz\u00e9sekre az elk\u00f6vetkezend\u0151 id\u0151szakban is sz\u00e1m\u00edthatnak a\u00a0j\u00e1rm\u0171vezet\u0151k Veszpr\u00e9m v\u00e1rmegye \u00fatjain.<\/p>\n<p><strong><em>\u2026 hogy mindenki haza\u00e9rjen!<\/em><\/strong><\/p>\n","protected":false},"excerpt":{"rendered":"<p>Dr\u00f3nt is bevetettek a veszpr\u00e9mi rend\u0151r\u00f6k azon az eg\u00e9sz napos fokozott k\u00f6z\u00fati ellen\u0151rz\u00e9sen, amelynek els\u0151dleges c\u00e9lja a balesetek megel\u0151z\u00e9se, a k\u00f6zleked\u00e9si szab\u00e1lyokat megszeg\u0151 j\u00e1rm\u0171vezet\u0151k kisz\u0171r\u00e9se volt. A Veszpr\u00e9mi Rend\u0151rkapit\u00e1nys\u00e1g egyenruh\u00e1sai 2023. janu\u00e1r 13-\u00e1n a telep\u00fcl\u00e9sre vezet\u0151 f\u0151bb \u00fatszakaszokon, valamint a &hellip; <a href=\"http:\/\/biztonsagosveszprem.hu\/?p=7896\">Egy kattint\u00e1s ide a folytat\u00e1shoz&#8230;. <span class=\"meta-nav\">&rarr;<\/span><\/a><\/p>\n","protected":false},"author":1,"featured_media":0,"comment_status":"closed","ping_status":"open","sticky":false,"template":"","format":"standard","meta":[],"categories":[4,11],"tags":[],"_links":{"self":[{"href":"http:\/\/biztonsagosveszprem.hu\/index.php?rest_route=\/wp\/v2\/posts\/7896"}],"collection":[{"href":"http:\/\/biztonsagosveszprem.hu\/index.php?rest_route=\/wp\/v2\/posts"}],"about":[{"href":"http:\/\/biztonsagosveszprem.hu\/index.php?rest_route=\/wp\/v2\/types\/post"}],"author":[{"embeddable":true,"href":"http:\/\/biztonsagosveszprem.hu\/index.php?rest_route=\/wp\/v2\/users\/1"}],"replies":[{"embeddable":true,"href":"http:\/\/biztonsagosveszprem.hu\/index.php?rest_route=%2Fwp%2Fv2%2Fcomments&post=7896"}],"version-history":[{"count":1,"href":"http:\/\/biztonsagosveszprem.hu\/index.php?rest_route=\/wp\/v2\/posts\/7896\/revisions"}],"predecessor-version":[{"id":7898,"href":"http:\/\/biztonsagosveszprem.hu\/index.php?rest_route=\/wp\/v2\/posts\/7896\/revisions\/7898"}],"wp:attachment":[{"href":"http:\/\/biztonsagosveszprem.hu\/index.php?rest_route=%2Fwp%2Fv2%2Fmedia&parent=7896"}],"wp:term":[{"taxonomy":"category","embeddable":true,"href":"http:\/\/biztonsagosveszprem.hu\/index.php?rest_route=%2Fwp%2Fv2%2Fcategories&post=7896"},{"taxonomy":"post_tag","embeddable":true,"href":"http:\/\/biztonsagosveszprem.hu\/index.php?rest_route=%2Fwp%2Fv2%2Ftags&post=7896"}],"curies":[{"name":"wp","href":"https:\/\/api.w.org\/{rel}","templated":true}]}}