{"id":7892,"date":"2023-01-16T06:38:59","date_gmt":"2023-01-16T04:38:59","guid":{"rendered":"http:\/\/biztonsagosveszprem.hu\/?p=7892"},"modified":"2023-01-16T06:38:59","modified_gmt":"2023-01-16T04:38:59","slug":"orizetbe-vettek-a-csaladjara-tamado-apat","status":"publish","type":"post","link":"http:\/\/biztonsagosveszprem.hu\/?p=7892","title":{"rendered":"\u0150RIZETBE VETT\u00c9K A CSAL\u00c1DJ\u00c1RA T\u00c1MAD\u00d3 AP\u00c1T"},"content":{"rendered":"<p><strong>A Veszpr\u00e9mi Rend\u0151rkapit\u00e1nys\u00e1g kapcsolati er\u0151szak miatt ind\u00edtott nyomoz\u00e1st.<\/strong><\/p>\n<p><a href=\"http:\/\/biztonsagosveszprem.hu\/wp-content\/uploads\/2023\/01\/logos-kepnek_3.jpg\"><img loading=\"lazy\" class=\"aligncenter size-full wp-image-7893\" src=\"http:\/\/biztonsagosveszprem.hu\/wp-content\/uploads\/2023\/01\/logos-kepnek_3.jpg\" alt=\"\" width=\"751\" height=\"500\" srcset=\"http:\/\/biztonsagosveszprem.hu\/wp-content\/uploads\/2023\/01\/logos-kepnek_3.jpg 751w, http:\/\/biztonsagosveszprem.hu\/wp-content\/uploads\/2023\/01\/logos-kepnek_3-300x200.jpg 300w\" sizes=\"(max-width: 751px) 100vw, 751px\" \/><\/a><\/p>\n<p>Egy \u00e1s\u00f3val feln\u0151tt fi\u00e1ra t\u00e1mad\u00f3 apa miatt h\u00edvt\u00e1k ki a rend\u0151r\u00f6ket 2023. janu\u00e1r 11-\u00e9n 15 \u00f3ra negyven perckor egy bakonyi faluba.<\/p>\n<p>A 112-es seg\u00e9lyh\u00edv\u00f3t a s\u00e9rtett feles\u00e9ge h\u00edvta ki. Az ittasan haza\u00e9rkez\u0151 65 \u00e9ves f\u00e9rfi el\u0151sz\u00f6r hangoskodott, majd egy \u00e1s\u00f3val a fia h\u00e1z el\u0151tt parkol\u00f3 aut\u00f3j\u00e1t vette c\u00e9lba. Az \u00e1s\u00f3val hadon\u00e1sz\u00f3 f\u00e9rfi fia, ezt l\u00e1tva felsz\u00f3l\u00edtotta, hogy hagyja a j\u00e1rm\u0171vet. Ekkor f\u00e9rfi fia ellen fordult. Apja \u00fct\u00e9s\u00e9t az \u00e1s\u00f3val ki tudta v\u00e9deni a s\u00e9rtett, majd dulakodni kezdtek. A ki\u00e9rkez\u0151 j\u00e1r\u0151r\u00f6k a 65 \u00e9ves f\u00e9rfit elfogt\u00e1k \u00e9s el\u0151\u00e1ll\u00edtott\u00e1k a Veszpr\u00e9mi Rend\u0151rkapit\u00e1nys\u00e1gra, ahol \u0151rizetbe vett\u00e9k. Nem ez volt az els\u0151 eset, hogy a csal\u00e1df\u0151 r\u00e1t\u00e1madt hozz\u00e1tartoz\u00f3ira.<\/p>\n<p>2022. augusztus\u00e1ban m\u00e1r indult ellene elj\u00e1r\u00e1s kapcsolati er\u0151szak b\u0171ntette miatt. A Veszpr\u00e9mi Rend\u0151rkapit\u00e1nys\u00e1g el\u0151terjeszt\u00e9st tesz az \u00fcgy\u00e9szs\u00e9gn\u00e9l az t\u00e1voltart\u00e1s elrendel\u00e9s\u00e9nek ind\u00edtv\u00e1nyoz\u00e1s\u00e1ra.<\/p>\n","protected":false},"excerpt":{"rendered":"<p>A Veszpr\u00e9mi Rend\u0151rkapit\u00e1nys\u00e1g kapcsolati er\u0151szak miatt ind\u00edtott nyomoz\u00e1st. Egy \u00e1s\u00f3val feln\u0151tt fi\u00e1ra t\u00e1mad\u00f3 apa miatt h\u00edvt\u00e1k ki a rend\u0151r\u00f6ket 2023. janu\u00e1r 11-\u00e9n 15 \u00f3ra negyven perckor egy bakonyi faluba. A 112-es seg\u00e9lyh\u00edv\u00f3t a s\u00e9rtett feles\u00e9ge h\u00edvta ki. Az ittasan haza\u00e9rkez\u0151 &hellip; <a href=\"http:\/\/biztonsagosveszprem.hu\/?p=7892\">Egy kattint\u00e1s ide a folytat\u00e1shoz&#8230;. <span class=\"meta-nav\">&rarr;<\/span><\/a><\/p>\n","protected":false},"author":1,"featured_media":0,"comment_status":"closed","ping_status":"open","sticky":false,"template":"","format":"standard","meta":[],"categories":[4,3],"tags":[],"_links":{"self":[{"href":"http:\/\/biztonsagosveszprem.hu\/index.php?rest_route=\/wp\/v2\/posts\/7892"}],"collection":[{"href":"http:\/\/biztonsagosveszprem.hu\/index.php?rest_route=\/wp\/v2\/posts"}],"about":[{"href":"http:\/\/biztonsagosveszprem.hu\/index.php?rest_route=\/wp\/v2\/types\/post"}],"author":[{"embeddable":true,"href":"http:\/\/biztonsagosveszprem.hu\/index.php?rest_route=\/wp\/v2\/users\/1"}],"replies":[{"embeddable":true,"href":"http:\/\/biztonsagosveszprem.hu\/index.php?rest_route=%2Fwp%2Fv2%2Fcomments&post=7892"}],"version-history":[{"count":1,"href":"http:\/\/biztonsagosveszprem.hu\/index.php?rest_route=\/wp\/v2\/posts\/7892\/revisions"}],"predecessor-version":[{"id":7894,"href":"http:\/\/biztonsagosveszprem.hu\/index.php?rest_route=\/wp\/v2\/posts\/7892\/revisions\/7894"}],"wp:attachment":[{"href":"http:\/\/biztonsagosveszprem.hu\/index.php?rest_route=%2Fwp%2Fv2%2Fmedia&parent=7892"}],"wp:term":[{"taxonomy":"category","embeddable":true,"href":"http:\/\/biztonsagosveszprem.hu\/index.php?rest_route=%2Fwp%2Fv2%2Fcategories&post=7892"},{"taxonomy":"post_tag","embeddable":true,"href":"http:\/\/biztonsagosveszprem.hu\/index.php?rest_route=%2Fwp%2Fv2%2Ftags&post=7892"}],"curies":[{"name":"wp","href":"https:\/\/api.w.org\/{rel}","templated":true}]}}