{"id":7889,"date":"2023-01-12T15:03:41","date_gmt":"2023-01-12T13:03:41","guid":{"rendered":"http:\/\/biztonsagosveszprem.hu\/?p=7889"},"modified":"2023-01-12T15:03:41","modified_gmt":"2023-01-12T13:03:41","slug":"racsapott-kezevel-vitapartnere-autojara-garazdasag-miatt-kell-felelnie","status":"publish","type":"post","link":"http:\/\/biztonsagosveszprem.hu\/?p=7889","title":{"rendered":"R\u00c1CSAPOTT KEZ\u00c9VEL VITAPARTNERE AUT\u00d3J\u00c1RA, GAR\u00c1ZDAS\u00c1G MIATT KELL FELELNIE"},"content":{"rendered":"<p><strong>A Veszpr\u00e9mi Rend\u0151rkapit\u00e1nys\u00e1g munkat\u00e1rsai gyan\u00fas\u00edtottk\u00e9nt kihallgatt\u00e1k a 45 \u00e9ves zirci f\u00e9rfit.<\/strong><\/p>\n<p><a href=\"http:\/\/biztonsagosveszprem.hu\/wp-content\/uploads\/2023\/01\/logo24_1.jpg\"><img loading=\"lazy\" class=\"aligncenter size-full wp-image-7890\" src=\"http:\/\/biztonsagosveszprem.hu\/wp-content\/uploads\/2023\/01\/logo24_1.jpg\" alt=\"\" width=\"751\" height=\"500\" srcset=\"http:\/\/biztonsagosveszprem.hu\/wp-content\/uploads\/2023\/01\/logo24_1.jpg 751w, http:\/\/biztonsagosveszprem.hu\/wp-content\/uploads\/2023\/01\/logo24_1-300x200.jpg 300w\" sizes=\"(max-width: 751px) 100vw, 751px\" \/><\/a><\/p>\n<p>Gar\u00e1zdas\u00e1g v\u00e9ts\u00e9g elk\u00f6vet\u00e9s\u00e9nek megalapozott gyan\u00faja miatt folyik nyomoz\u00e1s a Veszpr\u00e9mi Rend\u0151rkapit\u00e1nys\u00e1gon egy 45 \u00e9ves zirci lakossal szemben. Az elj\u00e1r\u00e1s adatai alapj\u00e1n a f\u00e9rfi 2023. janu\u00e1r 11-\u00e9n d\u00e9lel\u0151tt az egyik zirci k\u00f6zint\u00e9zm\u00e9ny parkol\u00f3j\u00e1ban sz\u00f3v\u00e1lt\u00e1sba keveredett egy m\u00e1sik szem\u00e9llyel, majd d\u00fch\u00e9ben nagy er\u0151vel k\u00e9zzel r\u00e1csapott annak szem\u00e9lyg\u00e9pkocsij\u00e1ra. A j\u00e1rm\u0171 karossz\u00e9ri\u00e1ja ennek k\u00f6vetkezt\u00e9ben behorpadt.<\/p>\n<p>A rend\u0151r\u00f6k a bejelent\u00e9st k\u00f6vet\u0151 r\u00f6vid id\u0151n bel\u00fcl otthon\u00e1ban elfogt\u00e1k az elk\u00f6vet\u0151t, majd el\u0151\u00e1ll\u00edtott\u00e1k a Zirci Rend\u0151r\u0151rsre, \u00e9s a nyomoz\u00f3k gyan\u00fas\u00edtottk\u00e9nt kihallgatt\u00e1k.<\/p>\n","protected":false},"excerpt":{"rendered":"<p>A Veszpr\u00e9mi Rend\u0151rkapit\u00e1nys\u00e1g munkat\u00e1rsai gyan\u00fas\u00edtottk\u00e9nt kihallgatt\u00e1k a 45 \u00e9ves zirci f\u00e9rfit. Gar\u00e1zdas\u00e1g v\u00e9ts\u00e9g elk\u00f6vet\u00e9s\u00e9nek megalapozott gyan\u00faja miatt folyik nyomoz\u00e1s a Veszpr\u00e9mi Rend\u0151rkapit\u00e1nys\u00e1gon egy 45 \u00e9ves zirci lakossal szemben. Az elj\u00e1r\u00e1s adatai alapj\u00e1n a f\u00e9rfi 2023. janu\u00e1r 11-\u00e9n d\u00e9lel\u0151tt az egyik &hellip; <a href=\"http:\/\/biztonsagosveszprem.hu\/?p=7889\">Egy kattint\u00e1s ide a folytat\u00e1shoz&#8230;. <span class=\"meta-nav\">&rarr;<\/span><\/a><\/p>\n","protected":false},"author":1,"featured_media":0,"comment_status":"closed","ping_status":"open","sticky":false,"template":"","format":"standard","meta":[],"categories":[4,3],"tags":[],"_links":{"self":[{"href":"http:\/\/biztonsagosveszprem.hu\/index.php?rest_route=\/wp\/v2\/posts\/7889"}],"collection":[{"href":"http:\/\/biztonsagosveszprem.hu\/index.php?rest_route=\/wp\/v2\/posts"}],"about":[{"href":"http:\/\/biztonsagosveszprem.hu\/index.php?rest_route=\/wp\/v2\/types\/post"}],"author":[{"embeddable":true,"href":"http:\/\/biztonsagosveszprem.hu\/index.php?rest_route=\/wp\/v2\/users\/1"}],"replies":[{"embeddable":true,"href":"http:\/\/biztonsagosveszprem.hu\/index.php?rest_route=%2Fwp%2Fv2%2Fcomments&post=7889"}],"version-history":[{"count":1,"href":"http:\/\/biztonsagosveszprem.hu\/index.php?rest_route=\/wp\/v2\/posts\/7889\/revisions"}],"predecessor-version":[{"id":7891,"href":"http:\/\/biztonsagosveszprem.hu\/index.php?rest_route=\/wp\/v2\/posts\/7889\/revisions\/7891"}],"wp:attachment":[{"href":"http:\/\/biztonsagosveszprem.hu\/index.php?rest_route=%2Fwp%2Fv2%2Fmedia&parent=7889"}],"wp:term":[{"taxonomy":"category","embeddable":true,"href":"http:\/\/biztonsagosveszprem.hu\/index.php?rest_route=%2Fwp%2Fv2%2Fcategories&post=7889"},{"taxonomy":"post_tag","embeddable":true,"href":"http:\/\/biztonsagosveszprem.hu\/index.php?rest_route=%2Fwp%2Fv2%2Ftags&post=7889"}],"curies":[{"name":"wp","href":"https:\/\/api.w.org\/{rel}","templated":true}]}}