{"id":7881,"date":"2023-01-11T09:35:06","date_gmt":"2023-01-11T07:35:06","guid":{"rendered":"http:\/\/biztonsagosveszprem.hu\/?p=7881"},"modified":"2023-01-11T10:15:45","modified_gmt":"2023-01-11T08:15:45","slug":"ajtot-autokat-es-elektromos-kaput-is-tonkretett-a-volt-ferj","status":"publish","type":"post","link":"http:\/\/biztonsagosveszprem.hu\/?p=7881","title":{"rendered":"AJT\u00d3T, AUT\u00d3KAT \u00c9S ELEKTROMOS KAPUT IS T\u00d6NKRETETT A VOLT F\u00c9RJ"},"content":{"rendered":"<p><strong>Rong\u00e1l\u00e1s miatt indult b\u00fcntet\u0151elj\u00e1r\u00e1s a veszpr\u00e9mi f\u00e9rfi ellen.<\/strong><\/p>\n<p><a href=\"http:\/\/biztonsagosveszprem.hu\/wp-content\/uploads\/2023\/01\/N3448705.jpg\"><img loading=\"lazy\" class=\"aligncenter size-full wp-image-7882\" src=\"http:\/\/biztonsagosveszprem.hu\/wp-content\/uploads\/2023\/01\/N3448705.jpg\" alt=\"\" width=\"751\" height=\"500\" srcset=\"http:\/\/biztonsagosveszprem.hu\/wp-content\/uploads\/2023\/01\/N3448705.jpg 751w, http:\/\/biztonsagosveszprem.hu\/wp-content\/uploads\/2023\/01\/N3448705-300x200.jpg 300w\" sizes=\"(max-width: 751px) 100vw, 751px\" \/><\/a><\/p>\n<p>Telefonon k\u00e9rt seg\u00edts\u00e9get egy veszpr\u00e9mi n\u0151 2023. janu\u00e1r 9-\u00e9n 13 \u00f3ra perckor, mivel a volt f\u00e9rje a sz\u00fclei h\u00e1z\u00e1nak ajtaj\u00e1t megrong\u00e1lta \u00e9s agressz\u00edven viselkedik.<\/p>\n<p>A rend\u0151r\u00f6k ki\u00e9rkez\u00e9se el\u0151tt a volt h\u00e1zast\u00e1rsak k\u00f6z\u00f6tt veszeked\u00e9s alakult ki, mely miatt a n\u0151 jobbnak l\u00e1tta, ha az ingatlan ajtaj\u00e1t bez\u00e1rja, \u00e9s nem folytatja tov\u00e1bb a besz\u00e9lget\u00e9st. A f\u00e9rfi ezen is feld\u00fch\u00f6dve a bej\u00e1rati ajt\u00f3t \u00fctni kezdte, majd egy t\u00e9rk\u0151vel megrong\u00e1lta.<br \/>\nAz agressz\u00edv f\u00e9l ezek ut\u00e1n sem csillapodott le, be\u00fclt az aut\u00f3j\u00e1ba \u00e9s t\u00f6bb alkalommal is, sz\u00e1nd\u00e9kosan nekihajtott a h\u00e1z el\u00e9 le\u00e1ll\u00edtott g\u00e9pkocsiba, melyr\u0151l tudta, volt p\u00e1rj\u00e1\u00e9. Mivel az aut\u00f3 k\u00f6zvetlen\u00fcl az ingatlan el\u0151tt \u00e1llt, \u00edgy az \u00fctk\u00f6z\u00e9s sor\u00e1n a t\u00e1vvez\u00e9rl\u00e9s\u0171 kapu is megrong\u00e1l\u00f3dott. A 39 \u00e9ves volt f\u00e9rj k\u00f6zel egymilli\u00f3 forint rong\u00e1l\u00e1si k\u00e1rt okozott.<br \/>\nA f\u00e9rfit a rend\u0151r\u00f6k a helysz\u00ednen elfogt\u00e1k, majd veszpr\u00e9mi k\u00f3rh\u00e1zba el\u0151\u00e1ll\u00edtott\u00e1k, mivel gyan\u00fa mer\u00fclt fel arra, hogy a cselekm\u00e9ny\u00e9t megel\u0151z\u0151en b\u00f3d\u00edt\u00f3 hat\u00e1s\u00fa szert fogyasztott.<\/p>\n<p>A 39 \u00e9ves veszpr\u00e9mi lakos ellen a nyomoz\u00f3k rong\u00e1l\u00e1s v\u00e9ts\u00e9g\u00e9nek megalapozott gyan\u00faja miatt b\u00fcntet\u0151elj\u00e1r\u00e1st ind\u00edtottak, \u00e9s a f\u00e9rfit \u0151rizetbe vett\u00e9k.<\/p>\n<p><a href=\"http:\/\/biztonsagosveszprem.hu\/wp-content\/uploads\/2023\/01\/N3448795.jpg\"><img loading=\"lazy\" class=\"aligncenter size-full wp-image-7883\" src=\"http:\/\/biztonsagosveszprem.hu\/wp-content\/uploads\/2023\/01\/N3448795.jpg\" alt=\"\" width=\"1024\" height=\"684\" srcset=\"http:\/\/biztonsagosveszprem.hu\/wp-content\/uploads\/2023\/01\/N3448795.jpg 1024w, http:\/\/biztonsagosveszprem.hu\/wp-content\/uploads\/2023\/01\/N3448795-300x200.jpg 300w, http:\/\/biztonsagosveszprem.hu\/wp-content\/uploads\/2023\/01\/N3448795-768x513.jpg 768w\" sizes=\"(max-width: 1024px) 100vw, 1024px\" \/><\/a><\/p>\n<p>&nbsp;<\/p>\n","protected":false},"excerpt":{"rendered":"<p>Rong\u00e1l\u00e1s miatt indult b\u00fcntet\u0151elj\u00e1r\u00e1s a veszpr\u00e9mi f\u00e9rfi ellen. Telefonon k\u00e9rt seg\u00edts\u00e9get egy veszpr\u00e9mi n\u0151 2023. janu\u00e1r 9-\u00e9n 13 \u00f3ra perckor, mivel a volt f\u00e9rje a sz\u00fclei h\u00e1z\u00e1nak ajtaj\u00e1t megrong\u00e1lta \u00e9s agressz\u00edven viselkedik. A rend\u0151r\u00f6k ki\u00e9rkez\u00e9se el\u0151tt a volt h\u00e1zast\u00e1rsak k\u00f6z\u00f6tt &hellip; <a href=\"http:\/\/biztonsagosveszprem.hu\/?p=7881\">Egy kattint\u00e1s ide a folytat\u00e1shoz&#8230;. <span class=\"meta-nav\">&rarr;<\/span><\/a><\/p>\n","protected":false},"author":1,"featured_media":0,"comment_status":"closed","ping_status":"open","sticky":false,"template":"","format":"standard","meta":[],"categories":[4,3],"tags":[],"_links":{"self":[{"href":"http:\/\/biztonsagosveszprem.hu\/index.php?rest_route=\/wp\/v2\/posts\/7881"}],"collection":[{"href":"http:\/\/biztonsagosveszprem.hu\/index.php?rest_route=\/wp\/v2\/posts"}],"about":[{"href":"http:\/\/biztonsagosveszprem.hu\/index.php?rest_route=\/wp\/v2\/types\/post"}],"author":[{"embeddable":true,"href":"http:\/\/biztonsagosveszprem.hu\/index.php?rest_route=\/wp\/v2\/users\/1"}],"replies":[{"embeddable":true,"href":"http:\/\/biztonsagosveszprem.hu\/index.php?rest_route=%2Fwp%2Fv2%2Fcomments&post=7881"}],"version-history":[{"count":2,"href":"http:\/\/biztonsagosveszprem.hu\/index.php?rest_route=\/wp\/v2\/posts\/7881\/revisions"}],"predecessor-version":[{"id":7888,"href":"http:\/\/biztonsagosveszprem.hu\/index.php?rest_route=\/wp\/v2\/posts\/7881\/revisions\/7888"}],"wp:attachment":[{"href":"http:\/\/biztonsagosveszprem.hu\/index.php?rest_route=%2Fwp%2Fv2%2Fmedia&parent=7881"}],"wp:term":[{"taxonomy":"category","embeddable":true,"href":"http:\/\/biztonsagosveszprem.hu\/index.php?rest_route=%2Fwp%2Fv2%2Fcategories&post=7881"},{"taxonomy":"post_tag","embeddable":true,"href":"http:\/\/biztonsagosveszprem.hu\/index.php?rest_route=%2Fwp%2Fv2%2Ftags&post=7881"}],"curies":[{"name":"wp","href":"https:\/\/api.w.org\/{rel}","templated":true}]}}