{"id":7878,"date":"2023-01-09T10:24:47","date_gmt":"2023-01-09T08:24:47","guid":{"rendered":"http:\/\/biztonsagosveszprem.hu\/?p=7878"},"modified":"2023-01-09T10:24:47","modified_gmt":"2023-01-09T08:24:47","slug":"betorte-az-auto-egyik-ablakat-a-felhaborodott-gyalogos-veszpremben","status":"publish","type":"post","link":"http:\/\/biztonsagosveszprem.hu\/?p=7878","title":{"rendered":"BET\u00d6RTE AZ AUT\u00d3 EGYIK ABLAK\u00c1T A FELH\u00c1BORODOTT GYALOGOS VESZPR\u00c9MBEN"},"content":{"rendered":"<div class=\"lead-text\">\n<p><strong>A k\u00f6zleked\u00e9si szitu\u00e1ci\u00f3nak gar\u00e1zdas\u00e1g lett a v\u00e9ge.<\/strong><\/p>\n<\/div>\n<p><a href=\"http:\/\/biztonsagosveszprem.hu\/wp-content\/uploads\/2023\/01\/garazdasag-2023.01.06..jpg\"><img loading=\"lazy\" class=\"aligncenter size-full wp-image-7879\" src=\"http:\/\/biztonsagosveszprem.hu\/wp-content\/uploads\/2023\/01\/garazdasag-2023.01.06..jpg\" alt=\"\" width=\"751\" height=\"500\" srcset=\"http:\/\/biztonsagosveszprem.hu\/wp-content\/uploads\/2023\/01\/garazdasag-2023.01.06..jpg 751w, http:\/\/biztonsagosveszprem.hu\/wp-content\/uploads\/2023\/01\/garazdasag-2023.01.06.-300x200.jpg 300w\" sizes=\"(max-width: 751px) 100vw, 751px\" \/><\/a><\/p>\n<p>A gyalogosan k\u00f6zleked\u0151 f\u00e9rfi azon h\u00e1borodott fel 2023. janu\u00e1r 4-\u00e9n d\u00e9lut\u00e1n, hogy az egyik belv\u00e1rosi \u00fatszakaszon tolat\u00e1st v\u00e9gz\u0151 sof\u0151r nem tanus\u00edtott kell\u0151 figyelmet. Az aut\u00f3 m\u00f6g\u00f6tt gyalogosan \u00e1thalad\u00f3 f\u00e9rfi a kocsi jobb els\u0151 ajtaj\u00e1hoz ment \u00e9s emelt hangon sz\u00f3v\u00e1 tette a j\u00e1rm\u0171vezet\u0151nek, hogy kis h\u00edj\u00e1n el\u00fct\u00f6tte, majd r\u00e1csapott a sz\u00e9lv\u00e9d\u0151re. Az \u00fct\u00e9s k\u00f6vetkezt\u00e9ben az \u00fcveg bet\u00f6rt, beter\u00edtve \u00fcvegdarabokkal a jobb els\u0151 \u00fcl\u00e9sen helyet foglal\u00f3 utast.<br \/>\nA sof\u0151r ekkor kisz\u00e1llt a kocsib\u00f3l \u00e9s t\u00e1voz\u00f3 gyalogos ut\u00e1n ment \u00e9s felindultan sz\u00e1mon k\u00e9rte a f\u00e9rfin a gar\u00e1zda viselked\u00e9st. A sof\u0151r \u00e1ltal kih\u00edvott rend\u0151r\u00f6k a tov\u00e1bb halad\u00f3 gyalogos f\u00e9rfit n\u00e9h\u00e1ny utc\u00e1val arr\u00e9bb elfogt\u00e1k.<br \/>\nAz 53 \u00e9ves helyi lakost el\u0151\u00e1ll\u00edtott\u00e1k a Veszpr\u00e9mi Rend\u0151rkapit\u00e1nys\u00e1gra \u00e9s gar\u00e1zdas\u00e1g v\u00e9ts\u00e9g elk\u00f6vet\u00e9s\u00e9nek meglapozott gyan\u00faja miatt kihallgatt\u00e1k.<\/p>\n","protected":false},"excerpt":{"rendered":"<p>A k\u00f6zleked\u00e9si szitu\u00e1ci\u00f3nak gar\u00e1zdas\u00e1g lett a v\u00e9ge. A gyalogosan k\u00f6zleked\u0151 f\u00e9rfi azon h\u00e1borodott fel 2023. janu\u00e1r 4-\u00e9n d\u00e9lut\u00e1n, hogy az egyik belv\u00e1rosi \u00fatszakaszon tolat\u00e1st v\u00e9gz\u0151 sof\u0151r nem tanus\u00edtott kell\u0151 figyelmet. Az aut\u00f3 m\u00f6g\u00f6tt gyalogosan \u00e1thalad\u00f3 f\u00e9rfi a kocsi jobb els\u0151 &hellip; <a href=\"http:\/\/biztonsagosveszprem.hu\/?p=7878\">Egy kattint\u00e1s ide a folytat\u00e1shoz&#8230;. <span class=\"meta-nav\">&rarr;<\/span><\/a><\/p>\n","protected":false},"author":1,"featured_media":0,"comment_status":"closed","ping_status":"open","sticky":false,"template":"","format":"standard","meta":[],"categories":[4,3],"tags":[],"_links":{"self":[{"href":"http:\/\/biztonsagosveszprem.hu\/index.php?rest_route=\/wp\/v2\/posts\/7878"}],"collection":[{"href":"http:\/\/biztonsagosveszprem.hu\/index.php?rest_route=\/wp\/v2\/posts"}],"about":[{"href":"http:\/\/biztonsagosveszprem.hu\/index.php?rest_route=\/wp\/v2\/types\/post"}],"author":[{"embeddable":true,"href":"http:\/\/biztonsagosveszprem.hu\/index.php?rest_route=\/wp\/v2\/users\/1"}],"replies":[{"embeddable":true,"href":"http:\/\/biztonsagosveszprem.hu\/index.php?rest_route=%2Fwp%2Fv2%2Fcomments&post=7878"}],"version-history":[{"count":1,"href":"http:\/\/biztonsagosveszprem.hu\/index.php?rest_route=\/wp\/v2\/posts\/7878\/revisions"}],"predecessor-version":[{"id":7880,"href":"http:\/\/biztonsagosveszprem.hu\/index.php?rest_route=\/wp\/v2\/posts\/7878\/revisions\/7880"}],"wp:attachment":[{"href":"http:\/\/biztonsagosveszprem.hu\/index.php?rest_route=%2Fwp%2Fv2%2Fmedia&parent=7878"}],"wp:term":[{"taxonomy":"category","embeddable":true,"href":"http:\/\/biztonsagosveszprem.hu\/index.php?rest_route=%2Fwp%2Fv2%2Fcategories&post=7878"},{"taxonomy":"post_tag","embeddable":true,"href":"http:\/\/biztonsagosveszprem.hu\/index.php?rest_route=%2Fwp%2Fv2%2Ftags&post=7878"}],"curies":[{"name":"wp","href":"https:\/\/api.w.org\/{rel}","templated":true}]}}