{"id":7875,"date":"2023-01-09T10:21:50","date_gmt":"2023-01-09T08:21:50","guid":{"rendered":"http:\/\/biztonsagosveszprem.hu\/?p=7875"},"modified":"2023-01-09T10:21:50","modified_gmt":"2023-01-09T08:21:50","slug":"drogeriabol-lopott-immar-sokadszorra","status":"publish","type":"post","link":"http:\/\/biztonsagosveszprem.hu\/?p=7875","title":{"rendered":"DROG\u00c9RI\u00c1B\u00d3L LOPOTT, IMM\u00c1R SOKADSZORRA"},"content":{"rendered":"<div class=\"lead-text\">\n<p><strong>A veszpr\u00e9mi rend\u0151r\u00f6k b\u00fcntet\u0151elj\u00e1r\u00e1st ind\u00edtottak a n\u0151 ellen.\u00a0<\/strong><\/p>\n<\/div>\n<p><a href=\"http:\/\/biztonsagosveszprem.hu\/wp-content\/uploads\/2023\/01\/20221104_131238.jpg\"><img loading=\"lazy\" class=\"aligncenter size-full wp-image-7876\" src=\"http:\/\/biztonsagosveszprem.hu\/wp-content\/uploads\/2023\/01\/20221104_131238.jpg\" alt=\"\" width=\"751\" height=\"500\" srcset=\"http:\/\/biztonsagosveszprem.hu\/wp-content\/uploads\/2023\/01\/20221104_131238.jpg 751w, http:\/\/biztonsagosveszprem.hu\/wp-content\/uploads\/2023\/01\/20221104_131238-300x200.jpg 300w\" sizes=\"(max-width: 751px) 100vw, 751px\" \/><\/a><\/p>\n<p>Egy veszpr\u00e9mi \u00fczlet vezet\u0151j\u00e9t\u0151l \u00e9rkezett a rend\u0151rs\u00e9gre feljelent\u00e9s 2023. janu\u00e1r 5-\u00e9n bolti lop\u00e1s miatt. Az elj\u00e1r\u00e1s adatai szerint egy n\u0151 2023. janu\u00e1r 5-\u00e9n 17 \u00f3rakor bement egy veszpr\u00e9mi drog\u00e9ri\u00e1ba majd a kiv\u00e1lasztott term\u00e9keket \u2013 kozmetikumokat, tiszt\u00edt\u00f3szereket, talpbet\u00e9tet \u2013 a bev\u00e1s\u00e1rl\u00f3kos\u00e1r helyett a t\u00e1sk\u00e1j\u00e1ba tette. A n\u0151 a kassza mellett fizet\u00e9s n\u00e9lk\u00fcl els\u00e9t\u00e1lva akarta elhagyni a boltot, amikor az \u00fczlet alkalmazottja felsz\u00f3l\u00edtotta, hogy v\u00e1rja meg az id\u0151k\u00f6zben kih\u00edvott rend\u0151r\u00f6ket. Adatgy\u0171jt\u00e9s sor\u00e1n a rend\u0151r\u00f6k meg\u00e1llap\u00edtott\u00e1k, hogy a veszpr\u00e9mi n\u0151 kor\u00e1bban legal\u00e1bb k\u00e9t alkalommal lopott m\u00e1r a drog\u00e9ri\u00e1b\u00f3l.<\/p>\n<p>A 28 \u00e9ves n\u0151t el\u0151\u00e1ll\u00edtott\u00e1k a Veszpr\u00e9mi Rend\u0151rkapit\u00e1nys\u00e1gra, ahol lop\u00e1s v\u00e9ts\u00e9g elk\u00f6vet\u00e9s\u00e9nek megalapozott gyan\u00faja miatt gyan\u00fas\u00edtottk\u00e9nt kihallgatt\u00e1k.<\/p>\n","protected":false},"excerpt":{"rendered":"<p>A veszpr\u00e9mi rend\u0151r\u00f6k b\u00fcntet\u0151elj\u00e1r\u00e1st ind\u00edtottak a n\u0151 ellen.\u00a0 Egy veszpr\u00e9mi \u00fczlet vezet\u0151j\u00e9t\u0151l \u00e9rkezett a rend\u0151rs\u00e9gre feljelent\u00e9s 2023. janu\u00e1r 5-\u00e9n bolti lop\u00e1s miatt. Az elj\u00e1r\u00e1s adatai szerint egy n\u0151 2023. janu\u00e1r 5-\u00e9n 17 \u00f3rakor bement egy veszpr\u00e9mi drog\u00e9ri\u00e1ba majd a kiv\u00e1lasztott &hellip; <a href=\"http:\/\/biztonsagosveszprem.hu\/?p=7875\">Egy kattint\u00e1s ide a folytat\u00e1shoz&#8230;. <span class=\"meta-nav\">&rarr;<\/span><\/a><\/p>\n","protected":false},"author":1,"featured_media":0,"comment_status":"closed","ping_status":"open","sticky":false,"template":"","format":"standard","meta":[],"categories":[4,3],"tags":[],"_links":{"self":[{"href":"http:\/\/biztonsagosveszprem.hu\/index.php?rest_route=\/wp\/v2\/posts\/7875"}],"collection":[{"href":"http:\/\/biztonsagosveszprem.hu\/index.php?rest_route=\/wp\/v2\/posts"}],"about":[{"href":"http:\/\/biztonsagosveszprem.hu\/index.php?rest_route=\/wp\/v2\/types\/post"}],"author":[{"embeddable":true,"href":"http:\/\/biztonsagosveszprem.hu\/index.php?rest_route=\/wp\/v2\/users\/1"}],"replies":[{"embeddable":true,"href":"http:\/\/biztonsagosveszprem.hu\/index.php?rest_route=%2Fwp%2Fv2%2Fcomments&post=7875"}],"version-history":[{"count":1,"href":"http:\/\/biztonsagosveszprem.hu\/index.php?rest_route=\/wp\/v2\/posts\/7875\/revisions"}],"predecessor-version":[{"id":7877,"href":"http:\/\/biztonsagosveszprem.hu\/index.php?rest_route=\/wp\/v2\/posts\/7875\/revisions\/7877"}],"wp:attachment":[{"href":"http:\/\/biztonsagosveszprem.hu\/index.php?rest_route=%2Fwp%2Fv2%2Fmedia&parent=7875"}],"wp:term":[{"taxonomy":"category","embeddable":true,"href":"http:\/\/biztonsagosveszprem.hu\/index.php?rest_route=%2Fwp%2Fv2%2Fcategories&post=7875"},{"taxonomy":"post_tag","embeddable":true,"href":"http:\/\/biztonsagosveszprem.hu\/index.php?rest_route=%2Fwp%2Fv2%2Ftags&post=7875"}],"curies":[{"name":"wp","href":"https:\/\/api.w.org\/{rel}","templated":true}]}}