{"id":7872,"date":"2023-01-04T06:33:57","date_gmt":"2023-01-04T04:33:57","guid":{"rendered":"http:\/\/biztonsagosveszprem.hu\/?p=7872"},"modified":"2023-01-04T06:33:57","modified_gmt":"2023-01-04T04:33:57","slug":"amfetamint-es-marihuanat-fogyasztott-a-jarmuvezeto","status":"publish","type":"post","link":"http:\/\/biztonsagosveszprem.hu\/?p=7872","title":{"rendered":"AMFETAMINT \u00c9S MARIHU\u00c1N\u00c1T FOGYASZTOTT A J\u00c1RM\u0170VEZET\u0150"},"content":{"rendered":"<p><strong>A nyomoz\u00f3k gyan\u00fas\u00edtottk\u00e9nt kihallgatt\u00e1k a 36 \u00e9ves Veszpr\u00e9m-k\u00f6rny\u00e9ki f\u00e9rfit.<\/strong><\/p>\n<p><a href=\"http:\/\/biztonsagosveszprem.hu\/wp-content\/uploads\/2023\/01\/kabitoszer_6.jpg\"><img loading=\"lazy\" class=\"aligncenter size-full wp-image-7873\" src=\"http:\/\/biztonsagosveszprem.hu\/wp-content\/uploads\/2023\/01\/kabitoszer_6.jpg\" alt=\"\" width=\"751\" height=\"500\" srcset=\"http:\/\/biztonsagosveszprem.hu\/wp-content\/uploads\/2023\/01\/kabitoszer_6.jpg 751w, http:\/\/biztonsagosveszprem.hu\/wp-content\/uploads\/2023\/01\/kabitoszer_6-300x200.jpg 300w\" sizes=\"(max-width: 751px) 100vw, 751px\" \/><\/a><\/p>\n<p>A Veszpr\u00e9m V\u00e1rmegyei Rend\u0151r-f\u0151kapit\u00e1nys\u00e1g M\u00e9lys\u00e9gi Ellen\u0151rz\u00e9si \u00e9s K\u00f6zter\u00fcleti T\u00e1mogat\u00f3 Aloszt\u00e1ly\u00e1nak munkat\u00e1rsai 2023. janu\u00e1r 2-\u00e1n d\u00e9lel\u0151tt Veszpr\u00e9m belter\u00fclet\u00e9n \u00e1ll\u00edtottak meg egy szem\u00e9lyg\u00e9pkocsit, \u00e9s ellen\u0151rizt\u00e9k annak vezet\u0151j\u00e9t. Az int\u00e9zked\u00e9s sor\u00e1n a rend\u0151r\u00f6k a 36 \u00e9ves Veszpr\u00e9m-k\u00f6rny\u00e9ki sof\u0151r ruh\u00e1zat\u00e1nak \u00e1tvizsg\u00e1l\u00e1sakor becsomagolt k\u00e1b\u00edt\u00f3szergyan\u00fas anyagmaradv\u00e1nyt tal\u00e1ltak. Ezut\u00e1n a f\u00e9rfit elfogt\u00e1k, majd el\u0151\u00e1ll\u00edtott\u00e1k, \u00e9s k\u00e1b\u00edt\u00f3szer-gyorstesztet alkalmaztak vele szemben, mely amfetaminra, illetve THC-re pozit\u00edv \u00e9rt\u00e9ket mutatott. A nyomoz\u00f3k a f\u00e9rfit ezt k\u00f6vet\u0151en gyan\u00fas\u00edtottk\u00e9nt kihallgatt\u00e1k, \u00e9s ellene k\u00e1b\u00edt\u00f3szer birtokl\u00e1sa v\u00e9ts\u00e9g elk\u00f6vet\u00e9s\u00e9nek megalapozott gyan\u00faja miatt b\u00fcntet\u0151elj\u00e1r\u00e1st ind\u00edtottak.<\/p>\n","protected":false},"excerpt":{"rendered":"<p>A nyomoz\u00f3k gyan\u00fas\u00edtottk\u00e9nt kihallgatt\u00e1k a 36 \u00e9ves Veszpr\u00e9m-k\u00f6rny\u00e9ki f\u00e9rfit. A Veszpr\u00e9m V\u00e1rmegyei Rend\u0151r-f\u0151kapit\u00e1nys\u00e1g M\u00e9lys\u00e9gi Ellen\u0151rz\u00e9si \u00e9s K\u00f6zter\u00fcleti T\u00e1mogat\u00f3 Aloszt\u00e1ly\u00e1nak munkat\u00e1rsai 2023. janu\u00e1r 2-\u00e1n d\u00e9lel\u0151tt Veszpr\u00e9m belter\u00fclet\u00e9n \u00e1ll\u00edtottak meg egy szem\u00e9lyg\u00e9pkocsit, \u00e9s ellen\u0151rizt\u00e9k annak vezet\u0151j\u00e9t. Az int\u00e9zked\u00e9s sor\u00e1n a rend\u0151r\u00f6k a &hellip; <a href=\"http:\/\/biztonsagosveszprem.hu\/?p=7872\">Egy kattint\u00e1s ide a folytat\u00e1shoz&#8230;. <span class=\"meta-nav\">&rarr;<\/span><\/a><\/p>\n","protected":false},"author":1,"featured_media":0,"comment_status":"closed","ping_status":"open","sticky":false,"template":"","format":"standard","meta":[],"categories":[4,3],"tags":[],"_links":{"self":[{"href":"http:\/\/biztonsagosveszprem.hu\/index.php?rest_route=\/wp\/v2\/posts\/7872"}],"collection":[{"href":"http:\/\/biztonsagosveszprem.hu\/index.php?rest_route=\/wp\/v2\/posts"}],"about":[{"href":"http:\/\/biztonsagosveszprem.hu\/index.php?rest_route=\/wp\/v2\/types\/post"}],"author":[{"embeddable":true,"href":"http:\/\/biztonsagosveszprem.hu\/index.php?rest_route=\/wp\/v2\/users\/1"}],"replies":[{"embeddable":true,"href":"http:\/\/biztonsagosveszprem.hu\/index.php?rest_route=%2Fwp%2Fv2%2Fcomments&post=7872"}],"version-history":[{"count":1,"href":"http:\/\/biztonsagosveszprem.hu\/index.php?rest_route=\/wp\/v2\/posts\/7872\/revisions"}],"predecessor-version":[{"id":7874,"href":"http:\/\/biztonsagosveszprem.hu\/index.php?rest_route=\/wp\/v2\/posts\/7872\/revisions\/7874"}],"wp:attachment":[{"href":"http:\/\/biztonsagosveszprem.hu\/index.php?rest_route=%2Fwp%2Fv2%2Fmedia&parent=7872"}],"wp:term":[{"taxonomy":"category","embeddable":true,"href":"http:\/\/biztonsagosveszprem.hu\/index.php?rest_route=%2Fwp%2Fv2%2Fcategories&post=7872"},{"taxonomy":"post_tag","embeddable":true,"href":"http:\/\/biztonsagosveszprem.hu\/index.php?rest_route=%2Fwp%2Fv2%2Ftags&post=7872"}],"curies":[{"name":"wp","href":"https:\/\/api.w.org\/{rel}","templated":true}]}}